{"id":219429,"date":"2025-07-28T20:26:12","date_gmt":"2025-07-28T23:26:12","guid":{"rendered":"https:\/\/corrientesdetarde.com\/?p=219429"},"modified":"2025-07-28T20:26:23","modified_gmt":"2025-07-28T23:26:23","slug":"con-balance-positivo-finalizan-los-primeros-talleres-de-artes-y-oficios-2","status":"publish","type":"post","link":"https:\/\/corrientesdetarde.com\/index.php\/sociales\/con-balance-positivo-finalizan-los-primeros-talleres-de-artes-y-oficios-2\/","title":{"rendered":"Con balance positivo finalizan los primeros talleres de artes y oficios"},"content":{"rendered":"\n<p>Organizado por el Instituto de Cultura de Corrientes, cierra esta semana la primera etapa de talleres de transmisi\u00f3n de t\u00e9cnicas artesanales dictados en el marco del programa Escuelas de Artes y Oficios. Durante dos meses, los participantes aprendieron sobre soguer\u00eda, tejidos en bastidor, crochet y dos agujas, \u00f1andut\u00ed y telar\u00edn.<\/p>\n\n\n\n<p>\u201cDurante junio y julio, se desarrollaron con cupo completo y en distintos puntos de la provincia los primeros talleres de t\u00e9cnicas artesanales como parte del programa Escuelas de Artes y Oficios. Estamos muy contentos con el inter\u00e9s que despertaron y la posibilidad de formar en una actividad que puede generar un ingreso econ\u00f3mico en las familias, y al mismo tiempo contribuir a mantener viva nuestra tradici\u00f3n y cultura\u201d, se\u00f1al\u00f3 la presidente del Instituto de Cultura, Beatriz Kunin.<\/p>\n\n\n\n<p>Distintos maestros artesanos estuvieron a cargo de estos espacios de formaci\u00f3n dictados en el Museo de Artesan\u00edas Tradicionales (MAT) y el Museo Arqueol\u00f3gico y Antropol\u00f3gico, ex Casa Mart\u00ednez, de la ciudad de Corrientes, como tambi\u00e9n en las localidades de San Cosme y El Sombrero.<\/p>\n\n\n\n<figure class=\"wp-block-image size-full\"><img loading=\"lazy\" decoding=\"async\" width=\"497\" height=\"905\" src=\"https:\/\/corrientesdetarde.com\/wp-content\/uploads\/2025\/07\/image-902.png\" alt=\"\" class=\"wp-image-219430\" srcset=\"https:\/\/corrientesdetarde.com\/wp-content\/uploads\/2025\/07\/image-902.png 497w, https:\/\/corrientesdetarde.com\/wp-content\/uploads\/2025\/07\/image-902-165x300.png 165w\" sizes=\"auto, (max-width: 497px) 100vw, 497px\" \/><\/figure>\n\n\n\n<p><strong>T\u00e9cnicas tradicionales<\/strong><\/p>\n\n\n\n<p>Como coordinadora de los talleres, la maestra artesana Alicia Pintos agradeci\u00f3 la convocatoria a la presidente del Instituto de Cultura, Beatriz Kunin, y destac\u00f3 que \u201ces importante dejar huellas, los artesanos son personas muy importantes y tenemos que transmitir los conocimientos\u201d.<\/p>\n\n\n\n<p>En total fueron cinco talleres ofrecidos de manera gratuita a los interesados. Uno de ellos, fue sobre la t\u00e9cnica de soguer\u00eda dictado por el maestro Mario Ruiz en el Museo Antropol\u00f3gico y Arqueol\u00f3gico, Ex Casa Mart\u00ednez. En este mismo lugar, se desarroll\u00f3 el taller de crochet y 2 agujas a cargo de Claudia Toledo.<\/p>\n\n\n\n<p>La maestra artesana Alicia Pintos dict\u00f3 el taller de tejido en bastidor colombiano en el Museo de Artesan\u00edas Tradicionales (MAT), y la segunda etapa en la localidad de El Sombrero.<\/p>\n\n\n\n<p>Por otra parte, la maestra Norma Iris Ayala brind\u00f3 el taller de \u00f1andut\u00ed en el sal\u00f3n de la Asociaci\u00f3n de Peque\u00f1os Productores en la localidad de San Cosme. Y el taller de telar\u00edn, estuvo a cargo de Teresa Lencina en el Museo de Artesan\u00edas Tradicionales (MAT).<\/p>\n","protected":false},"excerpt":{"rendered":"<p>Organizado por el Instituto de Cultura de Corrientes, cierra esta semana la primera etapa de talleres de transmisi\u00f3n de t\u00e9cnicas artesanales dictados en el marco del programa Escuelas de Artes&hellip; <\/p>\n","protected":false},"author":4,"featured_media":219431,"comment_status":"closed","ping_status":"open","sticky":false,"template":"","format":"standard","meta":{"footnotes":""},"categories":[17],"tags":[],"class_list":["post-219429","post","type-post","status-publish","format-standard","has-post-thumbnail","hentry","category-sociales"],"_links":{"self":[{"href":"https:\/\/corrientesdetarde.com\/index.php\/wp-json\/wp\/v2\/posts\/219429","targetHints":{"allow":["GET"]}}],"collection":[{"href":"https:\/\/corrientesdetarde.com\/index.php\/wp-json\/wp\/v2\/posts"}],"about":[{"href":"https:\/\/corrientesdetarde.com\/index.php\/wp-json\/wp\/v2\/types\/post"}],"author":[{"embeddable":true,"href":"https:\/\/corrientesdetarde.com\/index.php\/wp-json\/wp\/v2\/users\/4"}],"replies":[{"embeddable":true,"href":"https:\/\/corrientesdetarde.com\/index.php\/wp-json\/wp\/v2\/comments?post=219429"}],"version-history":[{"count":1,"href":"https:\/\/corrientesdetarde.com\/index.php\/wp-json\/wp\/v2\/posts\/219429\/revisions"}],"predecessor-version":[{"id":219432,"href":"https:\/\/corrientesdetarde.com\/index.php\/wp-json\/wp\/v2\/posts\/219429\/revisions\/219432"}],"wp:featuredmedia":[{"embeddable":true,"href":"https:\/\/corrientesdetarde.com\/index.php\/wp-json\/wp\/v2\/media\/219431"}],"wp:attachment":[{"href":"https:\/\/corrientesdetarde.com\/index.php\/wp-json\/wp\/v2\/media?parent=219429"}],"wp:term":[{"taxonomy":"category","embeddable":true,"href":"https:\/\/corrientesdetarde.com\/index.php\/wp-json\/wp\/v2\/categories?post=219429"},{"taxonomy":"post_tag","embeddable":true,"href":"https:\/\/corrientesdetarde.com\/index.php\/wp-json\/wp\/v2\/tags?post=219429"}],"curies":[{"name":"wp","href":"https:\/\/api.w.org\/{rel}","templated":true}]}}