{"id":219467,"date":"2025-07-29T08:47:38","date_gmt":"2025-07-29T11:47:38","guid":{"rendered":"https:\/\/corrientesdetarde.com\/?p=219467"},"modified":"2025-07-29T08:47:41","modified_gmt":"2025-07-29T11:47:41","slug":"valdes-inaugurara-obras-de-infraestructura-urbana-en-capital","status":"publish","type":"post","link":"https:\/\/corrientesdetarde.com\/index.php\/informacion-general\/valdes-inaugurara-obras-de-infraestructura-urbana-en-capital\/","title":{"rendered":"Vald\u00e9s inaugurar\u00e1 obras de infraestructura urbana en Capital"},"content":{"rendered":"\n<p>El gobernador Gustavo Vald\u00e9s encabezar\u00e1 este martes la inauguraci\u00f3n de dos obras de infraestructura urbana en los barrios Concepci\u00f3n e Independencia de la Capital.<\/p>\n\n\n\n<p>En primer t\u00e9rmino, habilitar\u00e1 16 cuadras de concreto asf\u00e1ltico a las 11 en el barrio Concepci\u00f3n entre las calles Tilcara y Los Atacamas.<\/p>\n\n\n\n<p>Por \u00faltimo, a las 12 inaugurar\u00e1 26 cuadras de cord\u00f3n cuneta, badenes y enripiado en el Barrio Independencia entre las arterias Cura Brochero y Medina.<\/p>\n","protected":false},"excerpt":{"rendered":"<p>El gobernador Gustavo Vald\u00e9s encabezar\u00e1 este martes la inauguraci\u00f3n de dos obras de infraestructura urbana en los barrios Concepci\u00f3n e Independencia de la Capital. En primer t\u00e9rmino, habilitar\u00e1 16 cuadras&hellip; <\/p>\n","protected":false},"author":1,"featured_media":219475,"comment_status":"closed","ping_status":"open","sticky":false,"template":"","format":"standard","meta":{"footnotes":""},"categories":[1],"tags":[],"class_list":["post-219467","post","type-post","status-publish","format-standard","has-post-thumbnail","hentry","category-informacion-general"],"_links":{"self":[{"href":"https:\/\/corrientesdetarde.com\/index.php\/wp-json\/wp\/v2\/posts\/219467","targetHints":{"allow":["GET"]}}],"collection":[{"href":"https:\/\/corrientesdetarde.com\/index.php\/wp-json\/wp\/v2\/posts"}],"about":[{"href":"https:\/\/corrientesdetarde.com\/index.php\/wp-json\/wp\/v2\/types\/post"}],"author":[{"embeddable":true,"href":"https:\/\/corrientesdetarde.com\/index.php\/wp-json\/wp\/v2\/users\/1"}],"replies":[{"embeddable":true,"href":"https:\/\/corrientesdetarde.com\/index.php\/wp-json\/wp\/v2\/comments?post=219467"}],"version-history":[{"count":1,"href":"https:\/\/corrientesdetarde.com\/index.php\/wp-json\/wp\/v2\/posts\/219467\/revisions"}],"predecessor-version":[{"id":219476,"href":"https:\/\/corrientesdetarde.com\/index.php\/wp-json\/wp\/v2\/posts\/219467\/revisions\/219476"}],"wp:featuredmedia":[{"embeddable":true,"href":"https:\/\/corrientesdetarde.com\/index.php\/wp-json\/wp\/v2\/media\/219475"}],"wp:attachment":[{"href":"https:\/\/corrientesdetarde.com\/index.php\/wp-json\/wp\/v2\/media?parent=219467"}],"wp:term":[{"taxonomy":"category","embeddable":true,"href":"https:\/\/corrientesdetarde.com\/index.php\/wp-json\/wp\/v2\/categories?post=219467"},{"taxonomy":"post_tag","embeddable":true,"href":"https:\/\/corrientesdetarde.com\/index.php\/wp-json\/wp\/v2\/tags?post=219467"}],"curies":[{"name":"wp","href":"https:\/\/api.w.org\/{rel}","templated":true}]}}