{"id":219468,"date":"2025-07-29T08:46:14","date_gmt":"2025-07-29T11:46:14","guid":{"rendered":"https:\/\/corrientesdetarde.com\/?p=219468"},"modified":"2025-07-29T08:46:15","modified_gmt":"2025-07-29T11:46:15","slug":"el-gobernador-valdes-reafirmo-su-compromiso-con-pequenos-y-medianos-arroceros","status":"publish","type":"post","link":"https:\/\/corrientesdetarde.com\/index.php\/destacados\/el-gobernador-valdes-reafirmo-su-compromiso-con-pequenos-y-medianos-arroceros\/","title":{"rendered":"El gobernador Vald\u00e9s reafirm\u00f3 su compromiso con peque\u00f1os y medianos arroceros"},"content":{"rendered":"\n<p>El gobernador Gustavo Vald\u00e9s se reuni\u00f3 este lunes en el Sal\u00f3n Azul de Casa de Gobierno\u00a0con la Asociaci\u00f3n Correntina de Plantadores de Arroz, encabezada por su presidente, Jorge Borsatto, con quien dialog\u00f3 all\u00ed sobre &#8220;los desaf\u00edos y las perspectivas que enfrentan los peque\u00f1os y medianos productores&#8221;.<br><br>As\u00ed lo di\u00f3 a conocer el Mandatario, desde sus redes sociales, asegurando que &#8220;desde el Gobierno reafirmamos nuestro compromiso con el crecimiento y el desarrollo del arroz como cultivo de excelencia y producto de exportaci\u00f3n, as\u00ed como con la b\u00fasqueda de soluciones a sus demandas en pos de promover su competitividad&#8221;.<\/p>\n\n\n\n<p><\/p>\n","protected":false},"excerpt":{"rendered":"<p>El gobernador Gustavo Vald\u00e9s se reuni\u00f3 este lunes en el Sal\u00f3n Azul de Casa de Gobierno\u00a0con la Asociaci\u00f3n Correntina de Plantadores de Arroz, encabezada por su presidente, Jorge Borsatto, con&hellip; <\/p>\n","protected":false},"author":1,"featured_media":219471,"comment_status":"closed","ping_status":"open","sticky":false,"template":"","format":"standard","meta":{"footnotes":""},"categories":[26],"tags":[],"class_list":["post-219468","post","type-post","status-publish","format-standard","has-post-thumbnail","hentry","category-destacados"],"_links":{"self":[{"href":"https:\/\/corrientesdetarde.com\/index.php\/wp-json\/wp\/v2\/posts\/219468","targetHints":{"allow":["GET"]}}],"collection":[{"href":"https:\/\/corrientesdetarde.com\/index.php\/wp-json\/wp\/v2\/posts"}],"about":[{"href":"https:\/\/corrientesdetarde.com\/index.php\/wp-json\/wp\/v2\/types\/post"}],"author":[{"embeddable":true,"href":"https:\/\/corrientesdetarde.com\/index.php\/wp-json\/wp\/v2\/users\/1"}],"replies":[{"embeddable":true,"href":"https:\/\/corrientesdetarde.com\/index.php\/wp-json\/wp\/v2\/comments?post=219468"}],"version-history":[{"count":1,"href":"https:\/\/corrientesdetarde.com\/index.php\/wp-json\/wp\/v2\/posts\/219468\/revisions"}],"predecessor-version":[{"id":219472,"href":"https:\/\/corrientesdetarde.com\/index.php\/wp-json\/wp\/v2\/posts\/219468\/revisions\/219472"}],"wp:featuredmedia":[{"embeddable":true,"href":"https:\/\/corrientesdetarde.com\/index.php\/wp-json\/wp\/v2\/media\/219471"}],"wp:attachment":[{"href":"https:\/\/corrientesdetarde.com\/index.php\/wp-json\/wp\/v2\/media?parent=219468"}],"wp:term":[{"taxonomy":"category","embeddable":true,"href":"https:\/\/corrientesdetarde.com\/index.php\/wp-json\/wp\/v2\/categories?post=219468"},{"taxonomy":"post_tag","embeddable":true,"href":"https:\/\/corrientesdetarde.com\/index.php\/wp-json\/wp\/v2\/tags?post=219468"}],"curies":[{"name":"wp","href":"https:\/\/api.w.org\/{rel}","templated":true}]}}