{"id":219474,"date":"2025-07-29T08:48:41","date_gmt":"2025-07-29T11:48:41","guid":{"rendered":"https:\/\/corrientesdetarde.com\/?p=219474"},"modified":"2025-07-29T08:48:45","modified_gmt":"2025-07-29T11:48:45","slug":"capital-sigue-con-las-tareas-de-reparacion-tras-el-fuerte-temporal","status":"publish","type":"post","link":"https:\/\/corrientesdetarde.com\/index.php\/sociales\/capital-sigue-con-las-tareas-de-reparacion-tras-el-fuerte-temporal\/","title":{"rendered":"Capital sigue con las tareas de reparaci\u00f3n tras el fuerte temporal"},"content":{"rendered":"\n<p>Una tormenta con granizo y fuertes r\u00e1fagas de viento azot\u00f3 la capital correntina entre la noche del s\u00e1bado 26 y la madrugada del domingo 27 de julio. Se registraron 54 mil\u00edmetros de precipitaciones y la ca\u00edda de \u00e1rboles y postes en distintos puntos de la ciudad. En 10 minutos llovi\u00f3 el promedio estimativo para todo el mes de julio. Las cuadrillas municipales trabajan intensamente para cubrir todos los inconvenientes ocasionados por el temporal.<\/p>\n\n\n\n<p>La tormenta, que incluy\u00f3 una granizada, r\u00e1fagas de viento de hasta 39 km\/h y fuertes precipitaciones en poco tiempo, provoc\u00f3 ca\u00edda de \u00e1rboles, voladura de carteles y postes; adem\u00e1s de anegamientos temporales en distintas zonas de Capital.<\/p>\n\n\n\n<p>&#8220;En 10 minutos llovi\u00f3 el equivalente al promedio de lluvias esperado para todo el mes de julio&#8221;, se\u00f1al\u00f3 Jos\u00e9 Pedro &#8220;Chingolo&#8221; Ruiz, subsecretario de Gesti\u00f3n Integral de Riesgos del Municipio. Entre las 23:04 y las 23:14 del s\u00e1bado cayeron 31 mil\u00edmetros, y el acumulado total alcanz\u00f3 los 54 mil\u00edmetros entre la noche y la ma\u00f1ana del domingo, seg\u00fan el funcionario.<\/p>\n\n\n\n<h2 class=\"wp-block-heading\">Postes ca\u00eddos<\/h2>\n\n\n\n<p>Las cuadrillas municipales trabajaron durante toda la madrugada y la ma\u00f1ana para despejar calles, limpiar sumideros y desobstruir desag\u00fces.<\/p>\n\n\n\n<p>&#8220;Se podr\u00eda decir que es una cola de tornado que ingres\u00f3 en las \u00faltimas horas del s\u00e1bado. Cambi\u00f3 el clima totalmente, hasta tuvimos granizo en la ciudad. Cayeron 31 mil\u00edmetros en 10 minutos&#8221;, dijo Juan Xifra, subsecretario de Riesgos y Cat\u00e1strofes de la ciudad.<\/p>\n\n\n\n<p>&#8220;Entonces, hubo ciertos anegamientos en ese momento de tormenta. Tuvimos ca\u00eddas de \u00e1rboles, de cables, en ese momento fue \u00e1lgido.<\/p>\n\n\n\n<figure class=\"wp-block-image size-full\"><img loading=\"lazy\" decoding=\"async\" width=\"790\" height=\"561\" src=\"https:\/\/corrientesdetarde.com\/wp-content\/uploads\/2025\/07\/image-914.png\" alt=\"\" class=\"wp-image-219479\" srcset=\"https:\/\/corrientesdetarde.com\/wp-content\/uploads\/2025\/07\/image-914.png 790w, https:\/\/corrientesdetarde.com\/wp-content\/uploads\/2025\/07\/image-914-300x213.png 300w, https:\/\/corrientesdetarde.com\/wp-content\/uploads\/2025\/07\/image-914-768x545.png 768w\" sizes=\"auto, (max-width: 790px) 100vw, 790px\" \/><\/figure>\n\n\n\n<p>Una vez subsanado eso, la ca\u00edda de hojas que han tapado sumideros y todo una vez escurrido, sacado todo eso, hubo un normal escurrimiento de la ciudad&#8221;, expres\u00f3 el funcionario municipal.<\/p>\n\n\n\n<p>&#8220;Los barrios m\u00e1s alejados de lo que es el centro y los asentamientos fueron en donde tuvimos un par de complicaciones.<\/p>\n\n\n\n<p>Tambi\u00e9n, la zona por Cazadores Correntinos pareci\u00f3 ser muy complicada&#8221;, remarc\u00f3.<\/p>\n\n\n\n<p>&#8220;Tuvimos una ca\u00edda de un \u00e1rbol muy grande, adem\u00e1s un poste arranc\u00f3 todo lo que es el tendido el\u00e9ctrico, cables de sistema de videocables de distintas empresas&#8221;, concluy\u00f3.<\/p>\n\n\n\n<figure class=\"wp-block-image size-full\"><img loading=\"lazy\" decoding=\"async\" width=\"800\" height=\"694\" src=\"https:\/\/corrientesdetarde.com\/wp-content\/uploads\/2025\/07\/image-913.png\" alt=\"\" class=\"wp-image-219478\" srcset=\"https:\/\/corrientesdetarde.com\/wp-content\/uploads\/2025\/07\/image-913.png 800w, https:\/\/corrientesdetarde.com\/wp-content\/uploads\/2025\/07\/image-913-300x260.png 300w, https:\/\/corrientesdetarde.com\/wp-content\/uploads\/2025\/07\/image-913-768x666.png 768w\" sizes=\"auto, (max-width: 800px) 100vw, 800px\" \/><\/figure>\n","protected":false},"excerpt":{"rendered":"<p>Una tormenta con granizo y fuertes r\u00e1fagas de viento azot\u00f3 la capital correntina entre la noche del s\u00e1bado 26 y la madrugada del domingo 27 de julio. Se registraron 54&hellip; <\/p>\n","protected":false},"author":1,"featured_media":219477,"comment_status":"closed","ping_status":"open","sticky":false,"template":"","format":"standard","meta":{"footnotes":""},"categories":[17],"tags":[],"class_list":["post-219474","post","type-post","status-publish","format-standard","has-post-thumbnail","hentry","category-sociales"],"_links":{"self":[{"href":"https:\/\/corrientesdetarde.com\/index.php\/wp-json\/wp\/v2\/posts\/219474","targetHints":{"allow":["GET"]}}],"collection":[{"href":"https:\/\/corrientesdetarde.com\/index.php\/wp-json\/wp\/v2\/posts"}],"about":[{"href":"https:\/\/corrientesdetarde.com\/index.php\/wp-json\/wp\/v2\/types\/post"}],"author":[{"embeddable":true,"href":"https:\/\/corrientesdetarde.com\/index.php\/wp-json\/wp\/v2\/users\/1"}],"replies":[{"embeddable":true,"href":"https:\/\/corrientesdetarde.com\/index.php\/wp-json\/wp\/v2\/comments?post=219474"}],"version-history":[{"count":1,"href":"https:\/\/corrientesdetarde.com\/index.php\/wp-json\/wp\/v2\/posts\/219474\/revisions"}],"predecessor-version":[{"id":219480,"href":"https:\/\/corrientesdetarde.com\/index.php\/wp-json\/wp\/v2\/posts\/219474\/revisions\/219480"}],"wp:featuredmedia":[{"embeddable":true,"href":"https:\/\/corrientesdetarde.com\/index.php\/wp-json\/wp\/v2\/media\/219477"}],"wp:attachment":[{"href":"https:\/\/corrientesdetarde.com\/index.php\/wp-json\/wp\/v2\/media?parent=219474"}],"wp:term":[{"taxonomy":"category","embeddable":true,"href":"https:\/\/corrientesdetarde.com\/index.php\/wp-json\/wp\/v2\/categories?post=219474"},{"taxonomy":"post_tag","embeddable":true,"href":"https:\/\/corrientesdetarde.com\/index.php\/wp-json\/wp\/v2\/tags?post=219474"}],"curies":[{"name":"wp","href":"https:\/\/api.w.org\/{rel}","templated":true}]}}