{"id":219490,"date":"2025-07-29T10:07:24","date_gmt":"2025-07-29T13:07:24","guid":{"rendered":"https:\/\/corrientesdetarde.com\/?p=219490"},"modified":"2025-07-29T10:07:27","modified_gmt":"2025-07-29T13:07:27","slug":"la-vicegobernacion-invita-a-un-nuevo-encuentro-de-mujeres-que-inspiran","status":"publish","type":"post","link":"https:\/\/corrientesdetarde.com\/index.php\/cultura\/la-vicegobernacion-invita-a-un-nuevo-encuentro-de-mujeres-que-inspiran\/","title":{"rendered":"La Vicegobernaci\u00f3n invita a un nuevo encuentro de \u201cMujeres que inspiran\u201d"},"content":{"rendered":"\n<p>Jueves 31 a las 18,30 horas<\/p>\n\n\n\n<p><\/p>\n\n\n\n<p>El vicegobernador Pedro Braillard Poccard invita este jueves al 14\u00b0 conversatorio \u201cMujeres que inspiran, mujeres flor de loto\u201d que se llevar\u00e1 a cabo este jueves 31 de julio a las 18,30 horas en el recinto de la Legislatura provincial.<\/p>\n\n\n\n<p>El encuentro, coordinado por la profesora Silvia Pozo, es un espacio de conversaci\u00f3n donde las mujeres protagonistas, al compartir un fragmento de sus vidas buscan motivar a otras personas a la autosuperaci\u00f3n.<\/p>\n\n\n\n<p>En esta oportunidad, compartir\u00e1n sus experiencias, Antonela de los \u00c1ngeles Piazza, Contadora P\u00fablica, artista visual, docente en formaci\u00f3n de Santa Luc\u00eda, Corrientes, Argentina. Mirta Espinoza, docente jubilada de la ciudad de Esquina, radicada en Corrientes hace unos a\u00f1os.<\/p>\n\n\n\n<p>Tambi\u00e9n Elvira Piragine Niveiro, empresaria y Myrna Newman, docente jubilada, escritora, oriunda de la ciudad de Paso de los Libres.<\/p>\n\n\n\n<p>\u201cMujeres que inspiran\u201d se realiza por tercer a\u00f1o consecutivo, por este espacio han pasado mujeres correntinas y chaque\u00f1as, de distintas profesiones u oficios: m\u00e9dicas, pol\u00edticas, cient\u00edficas, actrices, titiritera, escritoras, bailarinas, abogadas, jueza, polic\u00eda, deportistas y maestras, todas ellas con testimonios conmovedores.<\/p>\n\n\n\n<figure class=\"wp-block-image size-large\"><img decoding=\"async\" src=\"https:\/\/corrientesdetarde.com\/wp-content\/uploads\/2025\/07\/Imagen-de-WhatsApp-2025-07-29-a-las-10.06.42_d0cd66df-1018x1024.jpg\" alt=\"\" class=\"wp-image-219494\"\/><\/figure>\n","protected":false},"excerpt":{"rendered":"<p>Jueves 31 a las 18,30 horas El vicegobernador Pedro Braillard Poccard invita este jueves al 14\u00b0 conversatorio \u201cMujeres que inspiran, mujeres flor de loto\u201d que se llevar\u00e1 a cabo este&hellip; <\/p>\n","protected":false},"author":1,"featured_media":219494,"comment_status":"closed","ping_status":"open","sticky":false,"template":"","format":"standard","meta":{"footnotes":""},"categories":[15,22],"tags":[],"class_list":["post-219490","post","type-post","status-publish","format-standard","has-post-thumbnail","hentry","category-cultura","category-eventos"],"_links":{"self":[{"href":"https:\/\/corrientesdetarde.com\/index.php\/wp-json\/wp\/v2\/posts\/219490","targetHints":{"allow":["GET"]}}],"collection":[{"href":"https:\/\/corrientesdetarde.com\/index.php\/wp-json\/wp\/v2\/posts"}],"about":[{"href":"https:\/\/corrientesdetarde.com\/index.php\/wp-json\/wp\/v2\/types\/post"}],"author":[{"embeddable":true,"href":"https:\/\/corrientesdetarde.com\/index.php\/wp-json\/wp\/v2\/users\/1"}],"replies":[{"embeddable":true,"href":"https:\/\/corrientesdetarde.com\/index.php\/wp-json\/wp\/v2\/comments?post=219490"}],"version-history":[{"count":1,"href":"https:\/\/corrientesdetarde.com\/index.php\/wp-json\/wp\/v2\/posts\/219490\/revisions"}],"predecessor-version":[{"id":219495,"href":"https:\/\/corrientesdetarde.com\/index.php\/wp-json\/wp\/v2\/posts\/219490\/revisions\/219495"}],"wp:featuredmedia":[{"embeddable":true,"href":"https:\/\/corrientesdetarde.com\/index.php\/wp-json\/wp\/v2\/media\/219494"}],"wp:attachment":[{"href":"https:\/\/corrientesdetarde.com\/index.php\/wp-json\/wp\/v2\/media?parent=219490"}],"wp:term":[{"taxonomy":"category","embeddable":true,"href":"https:\/\/corrientesdetarde.com\/index.php\/wp-json\/wp\/v2\/categories?post=219490"},{"taxonomy":"post_tag","embeddable":true,"href":"https:\/\/corrientesdetarde.com\/index.php\/wp-json\/wp\/v2\/tags?post=219490"}],"curies":[{"name":"wp","href":"https:\/\/api.w.org\/{rel}","templated":true}]}}