{"id":219497,"date":"2025-07-29T11:23:39","date_gmt":"2025-07-29T14:23:39","guid":{"rendered":"https:\/\/corrientesdetarde.com\/?p=219497"},"modified":"2025-07-29T11:23:51","modified_gmt":"2025-07-29T14:23:51","slug":"comenzaron-las-obras-de-la-nueva-terminal-de-omnibus-de-goya","status":"publish","type":"post","link":"https:\/\/corrientesdetarde.com\/index.php\/informacion-general\/comenzaron-las-obras-de-la-nueva-terminal-de-omnibus-de-goya\/","title":{"rendered":"Comenzaron las obras de la nueva Terminal de \u00d3mnibus de Goya"},"content":{"rendered":"\n<p>Los trabajos de la nueva terminal de \u00d3mnibus de Goya iniciaron oficialmente este lunes. La misma se ubica sobre la avenida Neustadt, a pocos metros del acceso a la Ruta Nacional 12.<\/p>\n\n\n\n<p>El primer paso de la obra consiste en tareas de extracci\u00f3n y nivelaci\u00f3n del suelo, para consolidar el terreno donde se emplazar\u00e1 la futura estaci\u00f3n. Esta etapa inicial se realiza con recursos municipales.<\/p>\n\n\n<div class=\"wp-block-image\">\n<figure class=\"aligncenter size-full\"><img loading=\"lazy\" decoding=\"async\" width=\"498\" height=\"288\" src=\"https:\/\/corrientesdetarde.com\/wp-content\/uploads\/2025\/07\/image-919.png\" alt=\"\" class=\"wp-image-219502\" srcset=\"https:\/\/corrientesdetarde.com\/wp-content\/uploads\/2025\/07\/image-919.png 498w, https:\/\/corrientesdetarde.com\/wp-content\/uploads\/2025\/07\/image-919-300x173.png 300w\" sizes=\"auto, (max-width: 498px) 100vw, 498px\" \/><\/figure>\n<\/div>\n\n\n<p>El jefe comunal visit\u00f3 el lugar para supervisar el avance de los trabajos y dialogar con los operarios municipales.<br>Durante el recorrido, recibi\u00f3 detalles t\u00e9cnicos por parte del personal a cargo de la ejecuci\u00f3n, dependiente de la Municipalidad de Goya.<\/p>\n\n\n<div class=\"wp-block-image\">\n<figure class=\"aligncenter\"><img decoding=\"async\" src=\"https:\/\/pxcdn.ellitoral.com.ar\/litoral\/072025\/1753796491941\/586.png?cw=807\" alt=\"Comenzaron las obras de la nueva Terminal de \u00d3mnibus de Goya\" title=\"Comenzaron las obras de la nueva Terminal de \u00d3mnibus de Goya-\"\/><\/figure>\n<\/div>\n\n\n<p>La nueva terminal busca modernizar la infraestructura de transporte de la ciudad y mejorar la conectividad para vecinos y visitantes, con una ubicaci\u00f3n estrat\u00e9gica cercana a la principal v\u00eda nacional de acceso.<br>&nbsp;<\/p>\n","protected":false},"excerpt":{"rendered":"<p>Los trabajos de la nueva terminal de \u00d3mnibus de Goya iniciaron oficialmente este lunes. La misma se ubica sobre la avenida Neustadt, a pocos metros del acceso a la Ruta&hellip; <\/p>\n","protected":false},"author":1,"featured_media":219503,"comment_status":"closed","ping_status":"open","sticky":false,"template":"","format":"standard","meta":{"footnotes":""},"categories":[1],"tags":[],"class_list":["post-219497","post","type-post","status-publish","format-standard","has-post-thumbnail","hentry","category-informacion-general"],"_links":{"self":[{"href":"https:\/\/corrientesdetarde.com\/index.php\/wp-json\/wp\/v2\/posts\/219497","targetHints":{"allow":["GET"]}}],"collection":[{"href":"https:\/\/corrientesdetarde.com\/index.php\/wp-json\/wp\/v2\/posts"}],"about":[{"href":"https:\/\/corrientesdetarde.com\/index.php\/wp-json\/wp\/v2\/types\/post"}],"author":[{"embeddable":true,"href":"https:\/\/corrientesdetarde.com\/index.php\/wp-json\/wp\/v2\/users\/1"}],"replies":[{"embeddable":true,"href":"https:\/\/corrientesdetarde.com\/index.php\/wp-json\/wp\/v2\/comments?post=219497"}],"version-history":[{"count":1,"href":"https:\/\/corrientesdetarde.com\/index.php\/wp-json\/wp\/v2\/posts\/219497\/revisions"}],"predecessor-version":[{"id":219504,"href":"https:\/\/corrientesdetarde.com\/index.php\/wp-json\/wp\/v2\/posts\/219497\/revisions\/219504"}],"wp:featuredmedia":[{"embeddable":true,"href":"https:\/\/corrientesdetarde.com\/index.php\/wp-json\/wp\/v2\/media\/219503"}],"wp:attachment":[{"href":"https:\/\/corrientesdetarde.com\/index.php\/wp-json\/wp\/v2\/media?parent=219497"}],"wp:term":[{"taxonomy":"category","embeddable":true,"href":"https:\/\/corrientesdetarde.com\/index.php\/wp-json\/wp\/v2\/categories?post=219497"},{"taxonomy":"post_tag","embeddable":true,"href":"https:\/\/corrientesdetarde.com\/index.php\/wp-json\/wp\/v2\/tags?post=219497"}],"curies":[{"name":"wp","href":"https:\/\/api.w.org\/{rel}","templated":true}]}}