{"id":21951,"date":"2022-11-23T08:17:14","date_gmt":"2022-11-23T11:17:14","guid":{"rendered":"https:\/\/corrientesdetarde.com\/?p=21951"},"modified":"2022-11-23T08:17:17","modified_gmt":"2022-11-23T11:17:17","slug":"lo-hirieron-de-un-escopetazo-en-el-rostro-y-detuvieron-a-su-novia","status":"publish","type":"post","link":"https:\/\/corrientesdetarde.com\/index.php\/crimen-y-justicia\/lo-hirieron-de-un-escopetazo-en-el-rostro-y-detuvieron-a-su-novia\/","title":{"rendered":"Lo hirieron de un escopetazo en el rostro y detuvieron a su novia"},"content":{"rendered":"\n<p>La mujer ser\u00eda por estas horas, la principal sospechosa en el caso, aunque todav\u00eda no hallaron el arma de fuego.\u00a0<\/p>\n\n\n\n<p>Un joven de 22 a\u00f1os que recibi\u00f3 un disparo de escopeta en el rostro el lunes por la noche en la ciudad de Esquina, qued\u00f3 con muerte cerebral. El hecho todav\u00eda confuso e investigado por la Justicia local, tiene dos detenidos, la novia del joven con quien habr\u00eda mantenido una fuerte discusi\u00f3n y un vecino que alert\u00f3 del hecho a la Polic\u00eda. La v\u00edctima fue hallada tirada en un pasillo entre varias casas, a pocas cuadras del centro. A\u00fan no localizaron el arma usada para el ataque. Todo comenz\u00f3 con una llamada an\u00f3nima de un hombre quien daba aviso, alrededor de las 22 del lunes, de la presencia de un joven herido de gravedad en un pasillo ubicado por calle Galileo Mancini al 1500, entre calles Ber\u00f3n de Astrada y Ricardi, a pocas cuadras del centro de la ciudad de Esquina y a tres de la Ruta Nacional N\u00b012, indicaron fuentes oficiales.<\/p>\n\n\n\n<p>Al llegar la patrulla, un vecino de apellido Esp\u00edndola sali\u00f3 al cruce de los uniformados para mostrarles el lugar exacto donde se hallaba la v\u00edctima, todav\u00eda con signos vitales, quien perd\u00eda much\u00edsima sangre. Al ingresar a la zona, los polic\u00edas se encontraron con Joaqu\u00edn Alberto P\u00e9rez de 22 a\u00f1os, quien se hallaba tirado dec\u00fabito dorsal con grav\u00edsimas lesiones en su rostro compatibles con un disparo de arma de fuego, presumiblemente una es\u2011 copeta. Si bien el vecino inicialmente dio el lugar exacto donde es\u2011 taba el herido, le dijo a la Polic\u00eda que desconoc\u00eda lo que hab\u00eda sucedido con \u00e9l.<\/p>\n\n\n\n<p>\u00a0De inmediato la zona se llen\u00f3 de m\u00f3viles policiales y una ambulancia que, en principio traslad\u00f3 al herido hasta el hospital local, para luego derivarlo de manera urgente hacia el Hospital Escuela de la capital correntina, en el que qued\u00f3 in\u2011 ternado en estado grav\u00edsimo. Minutos m\u00e1s tarde, la Polic\u00eda localiz\u00f3 a la hermana de P\u00e9rez, quien relat\u00f3 que alrededor de las 21 hab\u00eda estado en su domicilio por el lapso de unos 30 minutos y luego se retir\u00f3, ya que se iba hacia la casa de su novia con quien al parecer con\u2011 viv\u00eda y con quien ten\u00eda algunos desacuerdos desde hac\u00eda un tiempo. La finca est\u00e1 a pocos metros de donde lo hallaron herido.<\/p>\n\n\n\n<p><br>\u00a0Por orden del fiscal subrogante, Juan Domingo Ram\u00edrez, se orden\u00f3 la demora preventiva del vecino de apellido Esp\u00edndola que report\u00f3 el hecho y tambi\u00e9n el allanamiento de su casa con el fin de dar con la presunta arma con la que concretaron el ataque; aunque los resultados fueron negativos. Ayer, por la tarde, detuvieron a la joven de apellido Godoy, conocida como &#8220;Yuca&#8221;, sobre quien recaen las sospechas de haber sido la autora material del disparo, aunque todav\u00eda no habr\u00edan localizado el arma. La mujer fue alojada en dependencias de la Comisar\u00eda de la Mujer y el Menor de Esquina. Ayer por la tarde, la Polic\u00eda confirm\u00f3 la muerte cerebral de P\u00e9rez como consecuencia del disparo y el da\u00f1o provocado por los perdigones. Pocas horas despu\u00e9s de notificada la situaci\u00f3n m\u00e9dica de la v\u00edctima, la Justicia analiza el cambio de car\u00e1tula que hasta el momento contin\u00faa como &#8220;lesiones graves con arma de fuego&#8221;.<\/p>\n","protected":false},"excerpt":{"rendered":"<p>La mujer ser\u00eda por estas horas, la principal sospechosa en el caso, aunque todav\u00eda no hallaron el arma de fuego.\u00a0 Un joven de 22 a\u00f1os que recibi\u00f3 un disparo de&hellip; <\/p>\n","protected":false},"author":4,"featured_media":21955,"comment_status":"closed","ping_status":"open","sticky":false,"template":"","format":"standard","meta":{"footnotes":""},"categories":[5],"tags":[],"class_list":["post-21951","post","type-post","status-publish","format-standard","has-post-thumbnail","hentry","category-crimen-y-justicia"],"_links":{"self":[{"href":"https:\/\/corrientesdetarde.com\/index.php\/wp-json\/wp\/v2\/posts\/21951","targetHints":{"allow":["GET"]}}],"collection":[{"href":"https:\/\/corrientesdetarde.com\/index.php\/wp-json\/wp\/v2\/posts"}],"about":[{"href":"https:\/\/corrientesdetarde.com\/index.php\/wp-json\/wp\/v2\/types\/post"}],"author":[{"embeddable":true,"href":"https:\/\/corrientesdetarde.com\/index.php\/wp-json\/wp\/v2\/users\/4"}],"replies":[{"embeddable":true,"href":"https:\/\/corrientesdetarde.com\/index.php\/wp-json\/wp\/v2\/comments?post=21951"}],"version-history":[{"count":1,"href":"https:\/\/corrientesdetarde.com\/index.php\/wp-json\/wp\/v2\/posts\/21951\/revisions"}],"predecessor-version":[{"id":21956,"href":"https:\/\/corrientesdetarde.com\/index.php\/wp-json\/wp\/v2\/posts\/21951\/revisions\/21956"}],"wp:featuredmedia":[{"embeddable":true,"href":"https:\/\/corrientesdetarde.com\/index.php\/wp-json\/wp\/v2\/media\/21955"}],"wp:attachment":[{"href":"https:\/\/corrientesdetarde.com\/index.php\/wp-json\/wp\/v2\/media?parent=21951"}],"wp:term":[{"taxonomy":"category","embeddable":true,"href":"https:\/\/corrientesdetarde.com\/index.php\/wp-json\/wp\/v2\/categories?post=21951"},{"taxonomy":"post_tag","embeddable":true,"href":"https:\/\/corrientesdetarde.com\/index.php\/wp-json\/wp\/v2\/tags?post=21951"}],"curies":[{"name":"wp","href":"https:\/\/api.w.org\/{rel}","templated":true}]}}