{"id":219521,"date":"2025-07-29T13:50:47","date_gmt":"2025-07-29T16:50:47","guid":{"rendered":"https:\/\/corrientesdetarde.com\/?p=219521"},"modified":"2025-07-29T13:50:58","modified_gmt":"2025-07-29T16:50:58","slug":"masterclass-por-ricky-pashkus-y-audiciones-para-becas-federales-2026-del-instituto-argentino-de-musicales-en-el-vera","status":"publish","type":"post","link":"https:\/\/corrientesdetarde.com\/index.php\/cultura\/masterclass-por-ricky-pashkus-y-audiciones-para-becas-federales-2026-del-instituto-argentino-de-musicales-en-el-vera\/","title":{"rendered":"Masterclass por Ricky Pashkus y audiciones para becas federales 2026 del Instituto Argentino de Musicales en el Vera"},"content":{"rendered":"\n<p>Inaugurando el mes de agosto y dando continuidad al ciclo de Masterclasses ideado desde el Teatro Oficial Juan de Vera, el viernes 1 de agosto el director, core\u00f3grafo y docente Ricky Pashkus brindar\u00e1 una masterclass gratuita, con inscripciones previas, mientras que el s\u00e1bado 2 tendr\u00e1n lugar las audiciones federales para becas 2026 del Instituto Argentino de Musicales<\/p>\n\n\n\n<p>El ciclo de masterclasses ideado por el Teatro Oficial Juan de Vera, dependiente del Instituto de Cultura, tendr\u00e1 su continuidad el viernes 1 de marzo, de 17 hs a 19 hs. con Ricky Pashkus. Ser\u00e1 un encuentro abierto a todas las personas interesadas en el arte y a actores, cantantes y bailarines de cualquier edad con inter\u00e9s en el teatro musical.<\/p>\n\n\n\n<p>Ser\u00e1 una charla en la que se abordar\u00e1n temas como la formaci\u00f3n art\u00edstica, las posibilidades laborales del sector, las posibilidades de estudio y de ingreso al campo laboral, y sobre lo que requiere el arte, tanto del espectador como de los artistas. Una clase donde se pueda reflexionar sobre qu\u00e9&nbsp; herramientas necesita un artista para su formaci\u00f3n y crecimiento personal, y tambi\u00e9n para el p\u00fablico, considerando a la audiencia como parte fundamental de un hecho art\u00edstico.<\/p>\n\n\n\n<p>Las personas interesadas en asistir podr\u00e1n enviar un correo a&nbsp;<a href=\"mailto:capacitaciones@teatrovera.com\" target=\"_blank\" rel=\"noreferrer noopener\">capacitaciones@teatrovera.com<\/a>&nbsp;El env\u00edo de la solicitud de inscripci\u00f3n ya acredita el acceso a la masterclass.<\/p>\n\n\n\n<p><strong>Audiciones becas 2026 IAM<\/strong><\/p>\n\n\n\n<p>El s\u00e1bado 2 de agosto, desde las 10 hs. se realizar\u00e1n audiciones federales para becas 2026 del Instituto Argentino de Musicales que llevan adelante de Ricky Pashkus y Fer Dente. Las personas interesadas en participar pueden inscribirse en el siguiente formulario:&nbsp;<a href=\"https:\/\/4ue34.r.sp1-brevo.net\/mk\/cl\/f\/sh\/6rqJfgq8dINmNvd2HB7mP7OK8Ju\/cZjqu43A6rb4\" target=\"_blank\" rel=\"noreferrer noopener\">https:\/\/tinyurl.com\/2et3nmvz<\/a><\/p>\n\n\n\n<p><strong>Sobre Ricky Pashkus<\/strong><\/p>\n\n\n\n<p>Ricky Pashkus es un director de escena, core\u00f3grafo y docente argentino. Ha dirigido eventos y creado coreograf\u00edas para teatro, cine y televisi\u00f3n como el programa \u201cHigh School Musical: la selecci\u00f3n\u201d (2007) y el espect\u00e1culo \u201cArgentum\u201d (2018), con el cual se cerr\u00f3 la primera noche de la 13\u00ba Cumbre del G-20 realizada en noviembre de 2018 en el Teatro Col\u00f3n de Buenos Aires. Sus \u00faltimos trabajos como director teatral, incluyen t\u00edtulos como \u201cPretty Woman\u201d, \u201cMamma M\u00eda!\u201d, \u201cLa Ballena\u201d, \u201cKinky Boots\u201d tanto en Argentina como en Madrid, \u201cA Chorus Line\u201d, \u201cEl Joven Frankenstein\u201d, \u201cSweeney Todd\u201d entre otras.<\/p>\n\n\n\n<p>Director del Instituto Argentino de Musicales, IAM. Creador de la carrera Licenciatura en Composici\u00f3n Coreogr\u00e1fica de la UNA, creador de CENATEM, creador de los Premios Hugo y los Premios Ch\u00facaro. Personalidad destacada de la cultura, nombrado por la Legislatura de la Ciudad Aut\u00f3noma de Buenos Aires. Ganador del Premio ACE, Premio Hugo, Premio Estrella de Mar, Premio Carlos.<\/p>\n","protected":false},"excerpt":{"rendered":"<p>Inaugurando el mes de agosto y dando continuidad al ciclo de Masterclasses ideado desde el Teatro Oficial Juan de Vera, el viernes 1 de agosto el director, core\u00f3grafo y docente&hellip; <\/p>\n","protected":false},"author":8,"featured_media":219522,"comment_status":"closed","ping_status":"open","sticky":false,"template":"","format":"standard","meta":{"footnotes":""},"categories":[15],"tags":[],"class_list":["post-219521","post","type-post","status-publish","format-standard","has-post-thumbnail","hentry","category-cultura"],"_links":{"self":[{"href":"https:\/\/corrientesdetarde.com\/index.php\/wp-json\/wp\/v2\/posts\/219521","targetHints":{"allow":["GET"]}}],"collection":[{"href":"https:\/\/corrientesdetarde.com\/index.php\/wp-json\/wp\/v2\/posts"}],"about":[{"href":"https:\/\/corrientesdetarde.com\/index.php\/wp-json\/wp\/v2\/types\/post"}],"author":[{"embeddable":true,"href":"https:\/\/corrientesdetarde.com\/index.php\/wp-json\/wp\/v2\/users\/8"}],"replies":[{"embeddable":true,"href":"https:\/\/corrientesdetarde.com\/index.php\/wp-json\/wp\/v2\/comments?post=219521"}],"version-history":[{"count":1,"href":"https:\/\/corrientesdetarde.com\/index.php\/wp-json\/wp\/v2\/posts\/219521\/revisions"}],"predecessor-version":[{"id":219523,"href":"https:\/\/corrientesdetarde.com\/index.php\/wp-json\/wp\/v2\/posts\/219521\/revisions\/219523"}],"wp:featuredmedia":[{"embeddable":true,"href":"https:\/\/corrientesdetarde.com\/index.php\/wp-json\/wp\/v2\/media\/219522"}],"wp:attachment":[{"href":"https:\/\/corrientesdetarde.com\/index.php\/wp-json\/wp\/v2\/media?parent=219521"}],"wp:term":[{"taxonomy":"category","embeddable":true,"href":"https:\/\/corrientesdetarde.com\/index.php\/wp-json\/wp\/v2\/categories?post=219521"},{"taxonomy":"post_tag","embeddable":true,"href":"https:\/\/corrientesdetarde.com\/index.php\/wp-json\/wp\/v2\/tags?post=219521"}],"curies":[{"name":"wp","href":"https:\/\/api.w.org\/{rel}","templated":true}]}}