{"id":219524,"date":"2025-07-29T13:55:15","date_gmt":"2025-07-29T16:55:15","guid":{"rendered":"https:\/\/corrientesdetarde.com\/?p=219524"},"modified":"2025-07-29T13:55:22","modified_gmt":"2025-07-29T16:55:22","slug":"murio-mila-yankelevich-nieta-de-cris-morena-en-el-choque-entre-una-barcaza-y-un-velero-en-miami","status":"publish","type":"post","link":"https:\/\/corrientesdetarde.com\/index.php\/espectaculos\/murio-mila-yankelevich-nieta-de-cris-morena-en-el-choque-entre-una-barcaza-y-un-velero-en-miami\/","title":{"rendered":"Muri\u00f3 Mila Yankelevich, nieta de Cris Morena, en el choque entre una barcaza y un velero en Miami"},"content":{"rendered":"\n<p>La hija menor de Tom\u00e1s Yankelevich ten\u00eda 7 a\u00f1os y muri\u00f3 en un tr\u00e1gico accidente n\u00e1utico en Miami Beach. Participaba de un campamento de vela cuando una barcaza embisti\u00f3 al velero en el que viajaba junto a otros nenes.<\/p>\n\n\n\n<p>Una tragedia sacudi\u00f3 a la comunidad\u00a0de Miami Beach y conmocion\u00f3 al mundo del espect\u00e1culo argentino:\u00a0<strong>una de las dos nenas que murieron<\/strong>\u00a0tras el choque de una barcaza contra un velero\u00a0<strong>era Mila, la hija de\u00a0Tom\u00e1s Yankelevich\u00a0y nieta menor de la reconocida productora Cris Morena<\/strong>. La peque\u00f1a ten\u00eda 7 a\u00f1os y participaba de un campamento de vela cuando ocurri\u00f3 el accidente.<\/p>\n\n\n\n<p>Mila naci\u00f3 el 13 de febrero de 2018 y era la m\u00e1s peque\u00f1a de la familia. En las redes sociales hay fotos de la nena en sus cumplea\u00f1os, vestida de hada y junto a su familia.<\/p>\n\n\n\n<figure class=\"wp-block-image\"><img decoding=\"async\" src=\"https:\/\/tn.com.ar\/resizer\/v2\/mila-junto-a-su-abuela-cris-morena-foto-instagram-crismorena-RINV226KGVF2FNIXJVP6HWCEIA.JPG?auth=7fa60cf44062878a49259041604e9169a0d460d323bfa00c98f0f5c030bdcbaa&amp;width=767\" alt=\"Mila junto a su abuela, Cris Morena (Foto: Instagram \/ crismorena)\"\/><\/figure>\n\n\n\n<p>El hecho sucedi\u00f3 el lunes por la ma\u00f1ana, cerca de las 11:15, frente a Hibiscus Island, en la Bah\u00eda de Biscayne. Seg\u00fan informaron las autoridades locales, una barcaza impact\u00f3 de lleno contra un velero en el que viajaban cinco chicos de entre 7 y 13 a\u00f1os y un adulto. A ra\u00edz del fuerte choque, todos los ocupantes cayeron al agua.<\/p>\n\n\n\n<figure class=\"wp-block-image\"><img decoding=\"async\" src=\"https:\/\/tn.com.ar\/resizer\/v2\/mila-nacio-el-13-de-febrero-de-2018-foto-instagram-princesamilayan-YTCTW7DST5FG7DLI3QX363OMLM.JPG?auth=2b87b20395d38d1b4d92decbf187bfd2a057e5c9cff25851cd5e2f53066caca8&amp;width=767\" alt=\"Mila naci\u00f3 el 13 de febrero de 2018 (Foto: Instagram \/ princesamilayan)\"\/><\/figure>\n\n\n\n<p>Mila y otra nena, de 13 a\u00f1os, fueron trasladadas de urgencia al Jackson Memorial Hospital, donde lamentablemente fueron declaradas muertas.&nbsp;<strong>Otras dos chicas, de 8 y 11 a\u00f1os, contin\u00faan internadas en estado cr\u00edtico.<\/strong>&nbsp;El resto de los sobrevivientes, incluido el adulto, fueron asistidos tras ser llevados al Miami Yacht Club.<\/p>\n\n\n\n<figure class=\"wp-block-image\"><img decoding=\"async\" src=\"https:\/\/tn.com.ar\/resizer\/v2\/mila-junto-a-tomas-su-papa-e-inti-su-hermano-foto-instagram-crismorena-LXWROZWNXZDMTDB2RFCGBCMOOA.JPG?auth=5e016a44a48c82d95465d0c7e9f12abb88ff91fe4b44ca33bdf5247c189b9f2f&amp;width=767\" alt=\"Mila junto a Tom\u00e1s, su pap\u00e1, e Inti, su hermano (Foto: Instagram \/ crismorena)\"\/><\/figure>\n\n\n\n<h2 class=\"wp-block-heading\">C\u00f3mo fue el choque entre dos embarcaciones<\/h2>\n\n\n\n<p>El incidente gener\u00f3 una enorme movilizaci\u00f3n de los equipos de emergencia. Participaron buzos, rescatistas, bomberos y agentes de la Polic\u00eda de Miami Beach, as\u00ed como la Oficina del Sheriff de Miami-Dade. Las tareas se concentraron entre Monument Island y Hibiscus Island, mientras familiares y compa\u00f1eros de los chicos aguardaban noticias con profunda angustia.<\/p>\n\n\n\n<p>\u201cFue una escena sumamente ca\u00f3tica, como pueden imaginarse, especialmente trat\u00e1ndose de ni\u00f1os\u201d, expres\u00f3 el teniente Pete S\u00e1nchez, vocero del Departamento de Bomberos y Rescate de Miami.<\/p>\n\n\n\n<figure class=\"wp-block-image\"><img decoding=\"async\" src=\"https:\/\/tn.com.ar\/resizer\/v2\/una-barcaza-hundio-un-velero-que-llevaba-un-grupo-de-ninos-y-un-adulto-en-miami-foto-apwsvn-tv-ML3HPZ5PJ5D7LM5XJ7DDBIIDQ4?auth=a5d3c19ba6b0291010d4f8c5c290afd3a24641df8b6fb4578daec1f8ecc93260&amp;width=767\" alt=\"Una barcaza hundi\u00f3 un velero que llevaba un grupo de ni\u00f1os y un adulto en Miami. (Foto: AP\/WSVN-TV).\"\/><\/figure>\n\n\n\n<p>Las causas del accidente est\u00e1n siendo investigadas. Mientras tanto, el dolor por la p\u00e9rdida de vidas tan j\u00f3venes y queridas deja una marca imborrable en todos los que fueron parte de esa tr\u00e1gica ma\u00f1ana.<\/p>\n","protected":false},"excerpt":{"rendered":"<p>La hija menor de Tom\u00e1s Yankelevich ten\u00eda 7 a\u00f1os y muri\u00f3 en un tr\u00e1gico accidente n\u00e1utico en Miami Beach. Participaba de un campamento de vela cuando una barcaza embisti\u00f3 al&hellip; <\/p>\n","protected":false},"author":8,"featured_media":219525,"comment_status":"closed","ping_status":"open","sticky":false,"template":"","format":"standard","meta":{"footnotes":""},"categories":[19],"tags":[],"class_list":["post-219524","post","type-post","status-publish","format-standard","has-post-thumbnail","hentry","category-espectaculos"],"_links":{"self":[{"href":"https:\/\/corrientesdetarde.com\/index.php\/wp-json\/wp\/v2\/posts\/219524","targetHints":{"allow":["GET"]}}],"collection":[{"href":"https:\/\/corrientesdetarde.com\/index.php\/wp-json\/wp\/v2\/posts"}],"about":[{"href":"https:\/\/corrientesdetarde.com\/index.php\/wp-json\/wp\/v2\/types\/post"}],"author":[{"embeddable":true,"href":"https:\/\/corrientesdetarde.com\/index.php\/wp-json\/wp\/v2\/users\/8"}],"replies":[{"embeddable":true,"href":"https:\/\/corrientesdetarde.com\/index.php\/wp-json\/wp\/v2\/comments?post=219524"}],"version-history":[{"count":1,"href":"https:\/\/corrientesdetarde.com\/index.php\/wp-json\/wp\/v2\/posts\/219524\/revisions"}],"predecessor-version":[{"id":219526,"href":"https:\/\/corrientesdetarde.com\/index.php\/wp-json\/wp\/v2\/posts\/219524\/revisions\/219526"}],"wp:featuredmedia":[{"embeddable":true,"href":"https:\/\/corrientesdetarde.com\/index.php\/wp-json\/wp\/v2\/media\/219525"}],"wp:attachment":[{"href":"https:\/\/corrientesdetarde.com\/index.php\/wp-json\/wp\/v2\/media?parent=219524"}],"wp:term":[{"taxonomy":"category","embeddable":true,"href":"https:\/\/corrientesdetarde.com\/index.php\/wp-json\/wp\/v2\/categories?post=219524"},{"taxonomy":"post_tag","embeddable":true,"href":"https:\/\/corrientesdetarde.com\/index.php\/wp-json\/wp\/v2\/tags?post=219524"}],"curies":[{"name":"wp","href":"https:\/\/api.w.org\/{rel}","templated":true}]}}