{"id":219527,"date":"2025-07-29T13:58:21","date_gmt":"2025-07-29T16:58:21","guid":{"rendered":"https:\/\/corrientesdetarde.com\/?p=219527"},"modified":"2025-07-29T13:58:39","modified_gmt":"2025-07-29T16:58:39","slug":"tragedia-en-miami-beach-dos-nenas-murieron-tras-un-choque-entre-un-velero-y-una-barcaza","status":"publish","type":"post","link":"https:\/\/corrientesdetarde.com\/index.php\/internacionales\/tragedia-en-miami-beach-dos-nenas-murieron-tras-un-choque-entre-un-velero-y-una-barcaza\/","title":{"rendered":"Tragedia en Miami Beach: dos nenas murieron tras un choque entre un velero y una barcaza"},"content":{"rendered":"\n<p>Las v\u00edctimas, de 7 y 13 a\u00f1os, participaban de una colonia de vacaciones. Hay otras dos nenas internadas en estado cr\u00edtico.<\/p>\n\n\n\n<p>Una jornada que deb\u00eda ser de diversi\u00f3n y aprendizaje termin\u00f3 en tragedia en&nbsp;<strong>Miami Beach<\/strong>.&nbsp;<strong>Dos nenas murieron<\/strong>&nbsp;y otras dos permanecen en estado cr\u00edtico despu\u00e9s de que&nbsp;<strong>una barcaza choc\u00f3 y hundi\u00f3 un velero con chicos que<\/strong>&nbsp;participaban de un campamento de vela frente a&nbsp;<strong>Hibiscus Island<\/strong>, en la ma\u00f1ana del lunes.<\/p>\n\n\n\n<p>El accidente ocurri\u00f3 cerca de las 11:15, cuando la embarcaci\u00f3n, en la que viajaban un adulto y cinco chicos de entre 7 y 13 a\u00f1os, fue embestida por una barcaza en la&nbsp;<strong>Bah\u00eda de Biscayne<\/strong>. El impacto fue tan fuerte que todos los ocupantes salieron despedidos al agua.<\/p>\n\n\n\n<h2 class=\"wp-block-heading\">Qui\u00e9nes son las v\u00edctimas y c\u00f3mo fue el operativo de rescate<\/h2>\n\n\n\n<p>Seg\u00fan confirmaron las autoridades, una nena de 7 a\u00f1os y otra de 13 fueron declaradas muertas en el&nbsp;<strong>Jackson Memorial Hospital<\/strong>. Otras dos chicas, de 8 y 11 a\u00f1os, siguen internadas en estado cr\u00edtico. El resto de los sobrevivientes, entre ellos un adulto, fueron trasladados al&nbsp;<strong>Miami Yacht Club<\/strong>&nbsp;y luego derivados para su atenci\u00f3n m\u00e9dica.<\/p>\n\n\n\n<figure class=\"wp-block-image\"><img decoding=\"async\" src=\"https:\/\/tn.com.ar\/resizer\/v2\/la-barcaza-choco-contra-un-velero-y-lo-hundio-foto-gentileza-telemundo-PZNEDT32OFAK5BNRSEFQBFKQ4A.jpg?auth=a78508d5bb4a31c4903bc7c41b2f076a1e37997ac38294d1c5b0bd1ad5c5fedd&amp;width=767\" alt=\"La barcaza choc\u00f3 contra un velero y lo hundi\u00f3. (Foto: gentileza Telemundo).\"\/><\/figure>\n\n\n\n<p>El dram\u00e1tico rescate moviliz\u00f3 a equipos de Bomberos<strong>, la Polic\u00eda de Miami Beach y la Oficina del Sheriff de Miami-Dade<\/strong>. Los buzos y rescatistas trabajaron en la zona entre&nbsp;<strong>Monument Island y Hibiscus Island<\/strong>, mientras los familiares y compa\u00f1eros de los chicos aguardaban noticias con angustia.<\/p>\n\n\n\n<p>\u201cFue una escena muy ca\u00f3tica, como pueden imaginar, sobre todo cuando hay ni\u00f1os involucrados\u201d, dijo el teniente Pete S\u00e1nchez del Departamento de Bomberos y Rescate de Miami.<\/p>\n\n\n\n<h2 class=\"wp-block-heading\">El testimonio de un chico que presenci\u00f3 el accidente<\/h2>\n\n\n\n<p><strong>Enzo Piffaretti<\/strong>, de 9 a\u00f1os, relat\u00f3 desde la orilla lo que vio: \u201cEra un barco grande de basura, y el velero estaba adelante. El barco no estaba prestando atenci\u00f3n,&nbsp;<strong>choc\u00f3 de lleno y todos salieron volando<\/strong>\u201d.<\/p>\n\n\n\n<p>\u201cFue super triste y muy aterrador\u201d, agreg\u00f3 el nene, que participaba de la misma colonia de vacaciones de verano.<\/p>\n\n\n\n<figure class=\"wp-block-image\"><img decoding=\"async\" src=\"https:\/\/tn.com.ar\/resizer\/v2\/buzos-buscan-sobrevivientes-de-la-tragedia-en-la-bahia-de-biscayne-foto-gentileza-nbc-FUJKVPCNN5HRFADBYLCAUN4JKQ.jpg?auth=e714c57233d97e8c3473467dae7fc90b1b4e40d77c92e6aa5692351399a1211a&amp;width=767\" alt=\"Buzos buscan sobrevivientes de la tragedia en la bah\u00eda de Biscayne. (Foto: gentileza NBC).\"\/><\/figure>\n\n\n\n<p>El nene cont\u00f3 que el choque ocurri\u00f3 durante la primera semana del campamento de vela y que, tras el accidente, los organizadores ordenaron que todos los chicos volvieran a la costa.<\/p>\n\n\n\n<h2 class=\"wp-block-heading\">Investigaci\u00f3n y conmoci\u00f3n en la comunidad<\/h2>\n\n\n\n<p>La&nbsp;<strong>Florida Fish and Wildlife Commission<\/strong>&nbsp;qued\u00f3 a cargo de la respuesta inicial y la&nbsp;<strong>Guardia Costera de Estados Unidos<\/strong>&nbsp;investiga las causas del choque.<\/p>\n\n\n\n<p>El&nbsp;<strong>Miami Yacht Club<\/strong>, donde funciona la&nbsp;<strong>Miami Youth Sailing Foundation<\/strong>, confirm\u00f3 que el accidente involucr\u00f3 a participantes de su programa y asegur\u00f3 que est\u00e1n colaborando con las autoridades para esclarecer lo ocurrido.<\/p>\n\n\n\n<p>\u201cFue un d\u00eda muy dif\u00edcil para todos los involucrados. La mayor\u00eda de nosotros tenemos hijos, as\u00ed que es muy duro de ver\u201d, expres\u00f3 el teniente&nbsp;<strong>Pete Sanchez<\/strong>.<\/p>\n","protected":false},"excerpt":{"rendered":"<p>Las v\u00edctimas, de 7 y 13 a\u00f1os, participaban de una colonia de vacaciones. Hay otras dos nenas internadas en estado cr\u00edtico. Una jornada que deb\u00eda ser de diversi\u00f3n y aprendizaje&hellip; <\/p>\n","protected":false},"author":8,"featured_media":219528,"comment_status":"closed","ping_status":"open","sticky":false,"template":"","format":"standard","meta":{"footnotes":""},"categories":[11],"tags":[],"class_list":["post-219527","post","type-post","status-publish","format-standard","has-post-thumbnail","hentry","category-internacionales"],"_links":{"self":[{"href":"https:\/\/corrientesdetarde.com\/index.php\/wp-json\/wp\/v2\/posts\/219527","targetHints":{"allow":["GET"]}}],"collection":[{"href":"https:\/\/corrientesdetarde.com\/index.php\/wp-json\/wp\/v2\/posts"}],"about":[{"href":"https:\/\/corrientesdetarde.com\/index.php\/wp-json\/wp\/v2\/types\/post"}],"author":[{"embeddable":true,"href":"https:\/\/corrientesdetarde.com\/index.php\/wp-json\/wp\/v2\/users\/8"}],"replies":[{"embeddable":true,"href":"https:\/\/corrientesdetarde.com\/index.php\/wp-json\/wp\/v2\/comments?post=219527"}],"version-history":[{"count":1,"href":"https:\/\/corrientesdetarde.com\/index.php\/wp-json\/wp\/v2\/posts\/219527\/revisions"}],"predecessor-version":[{"id":219529,"href":"https:\/\/corrientesdetarde.com\/index.php\/wp-json\/wp\/v2\/posts\/219527\/revisions\/219529"}],"wp:featuredmedia":[{"embeddable":true,"href":"https:\/\/corrientesdetarde.com\/index.php\/wp-json\/wp\/v2\/media\/219528"}],"wp:attachment":[{"href":"https:\/\/corrientesdetarde.com\/index.php\/wp-json\/wp\/v2\/media?parent=219527"}],"wp:term":[{"taxonomy":"category","embeddable":true,"href":"https:\/\/corrientesdetarde.com\/index.php\/wp-json\/wp\/v2\/categories?post=219527"},{"taxonomy":"post_tag","embeddable":true,"href":"https:\/\/corrientesdetarde.com\/index.php\/wp-json\/wp\/v2\/tags?post=219527"}],"curies":[{"name":"wp","href":"https:\/\/api.w.org\/{rel}","templated":true}]}}