{"id":21957,"date":"2022-11-23T08:39:35","date_gmt":"2022-11-23T11:39:35","guid":{"rendered":"https:\/\/corrientesdetarde.com\/?p=21957"},"modified":"2022-11-23T08:42:36","modified_gmt":"2022-11-23T11:42:36","slug":"de-que-hablaran-los-10-gobernadores-que-visitaran-corrientes","status":"publish","type":"post","link":"https:\/\/corrientesdetarde.com\/index.php\/politica\/de-que-hablaran-los-10-gobernadores-que-visitaran-corrientes\/","title":{"rendered":"\u00bfDe qu\u00e9 hablar\u00e1n los 10 gobernadores que visitar\u00e1n Corrientes?"},"content":{"rendered":"\n<p>Los mandatarios del Norte Grande llegar\u00e1n a la ciudad para volver a reunirse. Los subsidios y la obra p\u00fablica est\u00e1n entre los temas que ser\u00e1n tratados.<\/p>\n\n\n\n<p>Este mi\u00e9rcoles arribar\u00e1n a Corrientes 10 gobernadores para una nueva asamblea del Norte Grande. Del encuentro participar\u00e1n los ministros Eduardo de Pedro y Juan Manzur.<\/p>\n\n\n\n<p>Se prev\u00e9 que los gobernadores dar\u00e1n seguimiento a los temas de transporte, energ\u00eda y corredor bioce\u00e1nico, segmentaci\u00f3n de los subsidios al gas, exposici\u00f3n de avances de la Agencia de Comercio Exterior e Inversiones del Norte Grande, y el balance de la misi\u00f3n del Norte Grande a Egipto.<\/p>\n\n\n\n<p>&#8220;Corrientes solicit\u00f3 que se eleve a $113.000 millones la actualizaci\u00f3n del subsidio al transporte p\u00fablico para las provincias del norte&#8221;, tuite\u00f3 Vald\u00e9s tras la \u00faltima asamblea que se realiz\u00f3 en Santiago del Estero, y sostuvo que este punto deber\u00eda ser incluido en la Ley de Presupuesto 2023, ya que &#8220;necesitamos una equiparaci\u00f3n justa con el \u00c1rea Metropolitana de Buenos Aires&#8221;.<\/p>\n\n\n\n<p>Tras ese encuentro, Vald\u00e9s inform\u00f3 que tambi\u00e9n reclam\u00f3 la tarifa diferencial de energ\u00eda y m\u00e1s obras para el desarrollo de la regi\u00f3n.&nbsp;<\/p>\n\n\n\n<p>&#8220;Tambi\u00e9n presentamos petitorios al jefe de Gabinete y a los ministros de Interior y Econom\u00eda, solicitando negociaciones con el Banco Interamericano de Desarrollo y el Banco Mundial de Am\u00e9rica Latina y el Caribe para acceder al financiamiento de infraestructura por USD 30.000 millones a quince a\u00f1os&#8221;, escribi\u00f3 en sus redes sociales.&nbsp;<br>Tambi\u00e9n se dar\u00e1 tratamiento a la campa\u00f1a de promoci\u00f3n en la Costa Atl\u00e1ntica del Norte Grande, ODS: solicitud de creaci\u00f3n de una comisi\u00f3n para elaborar un plan de acci\u00f3n estrat\u00e9gico de abordaje de los ODS de la regi\u00f3n y solicitud a la C\u00e1mara Argentina del Libro.<\/p>\n\n\n\n<p>Los mandatarios provinciales tambi\u00e9n avanzan en la Ley de Humedales que se debate en la C\u00e1mara de Diputados de la Naci\u00f3n \u2014un tema no menor para Corrientes\u2014, que tiene dos despachos, y tras el dictamen del parlamento de la regi\u00f3n que solicita a la Naci\u00f3n una ley que defina claramente el concepto de humedales, que se realice un censo y que no se afecte m\u00e1s del 20 por ciento de los territorios provinciales.<\/p>\n\n\n\n<p>En este marco, no se descarta que los gobernadores hagan un balance del a\u00f1o como bloque tras los reclamos que viene realizando al Gobierno nacional, considerando tambi\u00e9n la sanci\u00f3n del presupuesto nacional.&nbsp;<\/p>\n\n\n\n<p>Agenda&nbsp;<br>Como lo hab\u00eda anticipado El Litoral en ediciones pasadas, el cronograma de actividades iniciar\u00e1 a las 9 con el arribo de los gobernadores, quienes desde las 9.30 ser\u00e1n recibidos en el Hotel de Turismo (Entre R\u00edos 650). A las 9.45 los mandatarios posar\u00e1n para la foto oficial, seg\u00fan se inform\u00f3.<\/p>\n\n\n\n<p>A las 10 se concretar\u00e1 la apertura de la Asamblea de Gobernadores del Norte Grande Argentino y las deliberaciones.<\/p>\n\n\n\n<p>A las 13 se brindar\u00e1 una conferencia de prensa y a las 14 habr\u00e1 un almuerzo protocolar como cierre del programa.<\/p>\n\n\n\n<p>En este marco se prev\u00e9 la presencia del gobernador de Santiago del Estero y presidente pro t\u00e9mpore, Gerardo Zamora; de Chaco, Jorge Capitanich; de Catamarca, Ra\u00fal Jalil; de Formosa, Gildo Insfr\u00e1n; de Jujuy, Gerardo Morales; de Salta, Gustavo S\u00e1enz; de Tucum\u00e1n, Osvaldo Jaldo; de Misiones, Oscar Herrera Ahuad, y de La Rioja, Ricardo Quintela.<\/p>\n\n\n\n<p>Tambi\u00e9n se aguarda la participaci\u00f3n del jefe de Gabinete de Ministros, Juan Manzur, y del ministro del Interior, Wado de Pedro, que ayer cumpli\u00f3 agenda en Resistencia, entre otros funcionarios nacionales.<\/p>\n","protected":false},"excerpt":{"rendered":"<p>Los mandatarios del Norte Grande llegar\u00e1n a la ciudad para volver a reunirse. Los subsidios y la obra p\u00fablica est\u00e1n entre los temas que ser\u00e1n tratados. Este mi\u00e9rcoles arribar\u00e1n a&hellip; <\/p>\n","protected":false},"author":4,"featured_media":21960,"comment_status":"closed","ping_status":"open","sticky":false,"template":"","format":"standard","meta":{"footnotes":""},"categories":[3],"tags":[],"class_list":["post-21957","post","type-post","status-publish","format-standard","has-post-thumbnail","hentry","category-politica"],"_links":{"self":[{"href":"https:\/\/corrientesdetarde.com\/index.php\/wp-json\/wp\/v2\/posts\/21957","targetHints":{"allow":["GET"]}}],"collection":[{"href":"https:\/\/corrientesdetarde.com\/index.php\/wp-json\/wp\/v2\/posts"}],"about":[{"href":"https:\/\/corrientesdetarde.com\/index.php\/wp-json\/wp\/v2\/types\/post"}],"author":[{"embeddable":true,"href":"https:\/\/corrientesdetarde.com\/index.php\/wp-json\/wp\/v2\/users\/4"}],"replies":[{"embeddable":true,"href":"https:\/\/corrientesdetarde.com\/index.php\/wp-json\/wp\/v2\/comments?post=21957"}],"version-history":[{"count":2,"href":"https:\/\/corrientesdetarde.com\/index.php\/wp-json\/wp\/v2\/posts\/21957\/revisions"}],"predecessor-version":[{"id":21962,"href":"https:\/\/corrientesdetarde.com\/index.php\/wp-json\/wp\/v2\/posts\/21957\/revisions\/21962"}],"wp:featuredmedia":[{"embeddable":true,"href":"https:\/\/corrientesdetarde.com\/index.php\/wp-json\/wp\/v2\/media\/21960"}],"wp:attachment":[{"href":"https:\/\/corrientesdetarde.com\/index.php\/wp-json\/wp\/v2\/media?parent=21957"}],"wp:term":[{"taxonomy":"category","embeddable":true,"href":"https:\/\/corrientesdetarde.com\/index.php\/wp-json\/wp\/v2\/categories?post=21957"},{"taxonomy":"post_tag","embeddable":true,"href":"https:\/\/corrientesdetarde.com\/index.php\/wp-json\/wp\/v2\/tags?post=21957"}],"curies":[{"name":"wp","href":"https:\/\/api.w.org\/{rel}","templated":true}]}}