{"id":219580,"date":"2025-07-29T15:54:04","date_gmt":"2025-07-29T18:54:04","guid":{"rendered":"https:\/\/corrientesdetarde.com\/?p=219580"},"modified":"2025-07-29T15:54:09","modified_gmt":"2025-07-29T18:54:09","slug":"dias-de-cambios-en-boca-que-hara-juan-roman-riquelme-con-el-consejo-de-futbol","status":"publish","type":"post","link":"https:\/\/corrientesdetarde.com\/index.php\/deportes\/dias-de-cambios-en-boca-que-hara-juan-roman-riquelme-con-el-consejo-de-futbol\/","title":{"rendered":"D\u00edas de cambios en Boca: qu\u00e9 har\u00e1 Juan Rom\u00e1n Riquelme con el Consejo de F\u00fatbol"},"content":{"rendered":"\n<p>Tras la crisis deportiva y la peor racha sin victorias en la historia del club, el presidente tiene decidido modificar la estructura del f\u00fatbol profesional y amateur.<\/p>\n\n\n\n<p>Todo hace presumir que la crisis deportiva de <strong>Boca<\/strong>\u00a0tendr\u00e1 un elevado costo para diferentes actores del club. La \u00faltima derrota ante\u00a0<strong>Hurac\u00e1n<\/strong>\u00a0encendi\u00f3 las alarmas y profundiz\u00f3 una debacle futbol\u00edstica sin precedentes en la historia reciente del club. Con la Bombonera lista para explotar en el pr\u00f3ximo partido, el 9 de agosto frente a Racing, el foco de las cr\u00edticas tiene como uno de los principales apuntados a\u00a0<strong>Juan Rom\u00e1n Riquelme<\/strong>, quien se prepara para tomar decisiones fuertes.<\/p>\n\n\n\n<p>Desde que desembarc\u00f3 en la vida institucional de Boca,&nbsp;<strong>Riquelme<\/strong>&nbsp;se puso al frente del f\u00fatbol profesional y amateur y le confi\u00f3 la gesti\u00f3n diaria a un&nbsp;<strong>Consejo de F\u00fatbol<\/strong>&nbsp;compuesto por exjugadores con los que trab\u00f3 amistad durante su gloriosa etapa como 10 del Xeneize.<\/p>\n\n\n\n<p>En todos sus a\u00f1os como dirigente, el actual presidente defendi\u00f3 a los integrantes de ese cuerpo, pero la peor racha sin victorias de la historia (11 partidos) lo empuj\u00f3 a mover el tablero. \u201c<strong>La decisi\u00f3n est\u00e1 tomada<\/strong>\u201d, asegur\u00f3 el periodista Diego Monroig, de&nbsp;<em>ESPN<\/em>.<\/p>\n\n\n\n<h2 class=\"wp-block-heading\"><strong>Riquelme mete mano en su c\u00edrculo m\u00e1s cercano<\/strong><\/h2>\n\n\n\n<figure class=\"wp-block-image\"><img decoding=\"async\" src=\"https:\/\/tn.com.ar\/resizer\/v2\/riquelme-acorralado-por-la-crisis-de-boca-foto-efe-5KP2H2NAYFCDZGYSHTSSEECXOY.jpg?auth=e12cbf37948d8a68b0b95cab482f55a86ab657b1934cc806832d760b2010e221&amp;width=767\" alt=\"Riquelme, acorralado por la crisis de Boca (Foto: EFE).\"\/><\/figure>\n\n\n\n<p><strong>Riquelme tiene planeado hacer cambios fuertes en el Consejo de F\u00fatbol<\/strong>&nbsp;y las novedades se conocer\u00e1n en los pr\u00f3ximos d\u00edas. Se presume que algunos de sus actuales miembros dejar\u00e1n sus puestos e incluso no se descarta que la estructura sea completamente disuelta y abra paso a la designaci\u00f3n de un manager.<\/p>\n\n\n\n<p>De confirmarse, ser\u00e1 la primera vez que el presidente intervenga en su c\u00edrculo m\u00e1s \u00edntimo de&nbsp;<strong>Ezeiza<\/strong>.<\/p>\n\n\n\n<h2 class=\"wp-block-heading\"><strong>Qui\u00e9nes forman el Consejo de F\u00fatbol de Boca<\/strong><\/h2>\n\n\n\n<figure class=\"wp-block-image\"><img decoding=\"async\" src=\"https:\/\/tn.com.ar\/resizer\/v2\/serna-miembro-del-consejo-de-futbol-de-boca-foto-igbocapredio-2MPAOSGTD5A2DPZY3OZN5PNBII.jpg?auth=449985bb39245b99f11ee55297c1ff7637146b06c44ed942bb288ac083d578ac&amp;width=767\" alt=\"Serna, miembro del Consejo de F\u00fatbol de Boca (Foto: IG@bocapredio).\"\/><\/figure>\n\n\n\n<p>El Consejo de F\u00fatbol est\u00e1 integrado por cuatro exjugadores hist\u00f3ricos:&nbsp;<strong>Mauricio Serna, Ra\u00fal Cascini, Marcelo Delgado y Jorge Berm\u00fadez<\/strong>. En un principio, el grupo lo conformaban Cascini, Delgado y Berm\u00fadez, hasta que&nbsp;<em>Chicho<\/em>&nbsp;Serna se sum\u00f3 a mediados de 2022.<\/p>\n\n\n\n<p>El colombiano fue el encargado de comunicar p\u00fablicamente las \u00faltimas decisiones futbol\u00edsticas de impacto. Por caso, tuvo la tarea de oficializar la salida de Fernando Gago, despu\u00e9s de la derrota en el Supercl\u00e1sico.<\/p>\n\n\n\n<p>Y la semana pasada, despu\u00e9s de la eliminaci\u00f3n ante Atl\u00e9tico Tucum\u00e1n en la Copa Argentina, Chicho dio una nota period\u00edstica para transmitir la \u201cpreocupaci\u00f3n\u201d en la dirigencia de Boca por un momento deportivo que se agrav\u00f3 tras la dura derrota con Hurac\u00e1n.<\/p>\n\n\n\n<figure class=\"wp-block-image\"><img decoding=\"async\" src=\"https:\/\/tn.com.ar\/resizer\/v2\/raul-cascini-jorge-bermudez-y-marcelo-delgado-los-otros-miembros-del-consejo-foto-ig-patronbermudezoficial-ZB5DYS6UTRGXLO23HVCIRA3TWA.jpg?auth=c5ba19b9169c4b8b2b0aef6f1af735a0bea8b39dfc4ec6547286c097ad10a7c3&amp;width=767\" alt=\"Ra\u00fal Cascini, Jorge Berm\u00fadez y Marcelo Delgado, los otros miembros del Consejo (Foto: IG patronbermudezoficial).\"\/><\/figure>\n\n\n\n<p>Adem\u00e1s de Serna, otras caras visibles en el d\u00eda a d\u00eda son&nbsp;<strong>Cascini y Delgado<\/strong>. Berm\u00fadez, en cambio, permanece en Colombia desde comienzos de 2023 y cumple funciones a distancia.<\/p>\n\n\n\n<p>El \u201cPatr\u00f3n\u201d, que supo ser la figura central del Consejo en los primeros tiempos de la gesti\u00f3n Riquelme, fue visto por \u00faltima vez acompa\u00f1ando al club el 4 de noviembre de 2023, en la final de la Libertadores que Boca perdi\u00f3 ante Fluminense.<\/p>\n\n\n\n<h2 class=\"wp-block-heading\"><strong>La expectativa por las decisiones de Miguel \u00c1ngel Russo con el plantel<\/strong><\/h2>\n\n\n\n<figure class=\"wp-block-image\"><img decoding=\"async\" src=\"https:\/\/tn.com.ar\/resizer\/v2\/russo-volvera-a-encontrarse-esta-tarde-con-los-jugadores-foto-bocajrsinstagram-6YJ2HM26ABAQBA3OEJ6DE4QGQY.jpg?auth=852358602615a57a0065851e3c51463d2a7476df964301b74718568a273e539b&amp;width=767\" alt=\"Russo volver\u00e1 a encontrarse esta tarde con los jugadores  (Foto: bocajrs\/Instagram).\"\/><\/figure>\n\n\n\n<p>Los vientos de cambio en el club no s\u00f3lo afectar\u00e1n a la estructura dirigencial sino&nbsp;<strong>tambi\u00e9n que amenazan al plantel dirigido por Miguel \u00c1ngel Russo<\/strong>. Los jugadores tambi\u00e9n quedaron muy cuestionados por el momento actual y la bochornosa actuaci\u00f3n en el estadio Tom\u00e1s Adolfo Duc\u00f3.<\/p>\n\n\n\n<p>El ocurrido en torno al\u00a0cambio de Miguel Merentiel, que Russo explic\u00f3 como un \u201c<strong>problema de papeles<\/strong>\u201d, dej\u00f3 expuesto el caos interno en el staff xeneize.<\/p>\n\n\n\n<p>Por esa raz\u00f3n, se espera que Russo&nbsp;<strong>imponga nuevas reglas de convivencia<\/strong>&nbsp;a partir de esta tarde cuando los futbolistas regresen al trabajo de cara al pr\u00f3ximo partido ante Racing.<\/p>\n\n\n\n<p>En esa l\u00ednea, no se descarta que algunos jugadores que no tienen lugar en el equipo sean apartados para reducir el grupo de trabajo y encontrar una salida a la crisis que tambi\u00e9n amenaza a un cuerpo t\u00e9cnico que lleva apenas siete partidos.<\/p>\n","protected":false},"excerpt":{"rendered":"<p>Tras la crisis deportiva y la peor racha sin victorias en la historia del club, el presidente tiene decidido modificar la estructura del f\u00fatbol profesional y amateur. Todo hace presumir&hellip; <\/p>\n","protected":false},"author":8,"featured_media":219581,"comment_status":"closed","ping_status":"open","sticky":false,"template":"","format":"standard","meta":{"footnotes":""},"categories":[4],"tags":[],"class_list":["post-219580","post","type-post","status-publish","format-standard","has-post-thumbnail","hentry","category-deportes"],"_links":{"self":[{"href":"https:\/\/corrientesdetarde.com\/index.php\/wp-json\/wp\/v2\/posts\/219580","targetHints":{"allow":["GET"]}}],"collection":[{"href":"https:\/\/corrientesdetarde.com\/index.php\/wp-json\/wp\/v2\/posts"}],"about":[{"href":"https:\/\/corrientesdetarde.com\/index.php\/wp-json\/wp\/v2\/types\/post"}],"author":[{"embeddable":true,"href":"https:\/\/corrientesdetarde.com\/index.php\/wp-json\/wp\/v2\/users\/8"}],"replies":[{"embeddable":true,"href":"https:\/\/corrientesdetarde.com\/index.php\/wp-json\/wp\/v2\/comments?post=219580"}],"version-history":[{"count":1,"href":"https:\/\/corrientesdetarde.com\/index.php\/wp-json\/wp\/v2\/posts\/219580\/revisions"}],"predecessor-version":[{"id":219582,"href":"https:\/\/corrientesdetarde.com\/index.php\/wp-json\/wp\/v2\/posts\/219580\/revisions\/219582"}],"wp:featuredmedia":[{"embeddable":true,"href":"https:\/\/corrientesdetarde.com\/index.php\/wp-json\/wp\/v2\/media\/219581"}],"wp:attachment":[{"href":"https:\/\/corrientesdetarde.com\/index.php\/wp-json\/wp\/v2\/media?parent=219580"}],"wp:term":[{"taxonomy":"category","embeddable":true,"href":"https:\/\/corrientesdetarde.com\/index.php\/wp-json\/wp\/v2\/categories?post=219580"},{"taxonomy":"post_tag","embeddable":true,"href":"https:\/\/corrientesdetarde.com\/index.php\/wp-json\/wp\/v2\/tags?post=219580"}],"curies":[{"name":"wp","href":"https:\/\/api.w.org\/{rel}","templated":true}]}}