{"id":21959,"date":"2022-11-23T08:49:52","date_gmt":"2022-11-23T11:49:52","guid":{"rendered":"https:\/\/corrientesdetarde.com\/?p=21959"},"modified":"2022-11-23T08:49:55","modified_gmt":"2022-11-23T11:49:55","slug":"fallecio-pablo-milanes-icono-de-la-musica-cubana","status":"publish","type":"post","link":"https:\/\/corrientesdetarde.com\/index.php\/cultura\/fallecio-pablo-milanes-icono-de-la-musica-cubana\/","title":{"rendered":"Falleci\u00f3 Pablo Milan\u00e9s, \u00edcono de la m\u00fasica cubana"},"content":{"rendered":"\n<p>El cantante y compositor cubano Pablo Milan\u00e9s, uno de los m\u00e1s destacados exponentes de la Nueva Trova Cubana junto a Silvio Rodr\u00edguez, falleci\u00f3 el martes a los 79 a\u00f1os en Madrid, Espa\u00f1a.&nbsp;<\/p>\n\n\n\n<p>\u201cCon gran dolor y tristeza, lamentamos informar que el maestro Pablo Milan\u00e9s ha fallecido esta madrugada del 22 de noviembre en Madrid. Agradecemos profundamente todas las muestras de cari\u00f1o y apoyo, a toda su familia y amigos, en estos momentos tan dif\u00edciles. Que descanse en el amor y en la paz que siempre ha transmitido. Permanecer\u00e1 eternamente en nuestra memoria\u201d, indica un comunicado difundido por la oficina art\u00edstica del m\u00fasico en Facebook.&nbsp;<\/p>\n\n\n\n<p>Milan\u00e9s se encontraba hospitalizado desde el 13 de noviembre, situaci\u00f3n cl\u00ednica generada luego de una enfermedad oncohematol\u00f3gica que sufr\u00eda desde hace varios a\u00f1os y que le exigi\u00f3 instalarse en Madrid a finales de 2017 para recibir tratamiento.&nbsp;<\/p>\n\n\n\n<p>El m\u00fasico ten\u00eda previsto actuar el 30 de noviembre en Ciudad de M\u00e9xico y el 5 de diciembre en Santo Domingo; adem\u00e1s, su agenda inclu\u00eda una actuaci\u00f3n en la ciudad espa\u00f1ola de Pamplona. El 30 de enero de este a\u00f1o, el artista sufri\u00f3 la p\u00e9rdida de su hija, la cantante cubana Suyl\u00e9n Milan\u00e9s Benet, quien falleci\u00f3 a los 50 a\u00f1os a causa de un accidente cerebrovascular. La m\u00fasica de Pablo Milan\u00e9s acompa\u00f1\u00f3 a diferentes generaciones y dej\u00f3 una huella imborrable en la canci\u00f3n latinoamericana. &nbsp;<\/p>\n\n\n\n<p>El compositor y guitarrista dio su \u00faltimo concierto el 21 de junio pasado en La Habana, donde actu\u00f3 para miles de personas en un estadio deportivo. \u201cA pesar de mis 27 operaciones, salir a cantar es mi vida, es lo que me da emoci\u00f3n. Me da ganas de vivir y contemplar la magia que se vive cuando empiezo a cantar y eso es inenarrable\u201d, declar\u00f3 en una entrevista con T\u00e9lam realizada en febrero del 2019.&nbsp;<\/p>\n\n\n\n<p>Milan\u00e9s&nbsp;<\/p>\n\n\n\n<p>Nacido en 1943 en Bayamo, Milan\u00e9s fue fundador del Movimiento Nueva Trova junto a Silvio Rodr\u00edguez y al fallecido Noel Nicola y, como parte de aquel colectivo, exhibi\u00f3 al mundo canciones que se convirtieron en himnos como \u201cYo pisar\u00e9 las calles nuevamente\u201d, \u201cYolanda\u201d y \u201cA\u00f1os\u201d. Aquel movimiento marc\u00f3 un resurgimiento de la composici\u00f3n musical de Cuba.&nbsp;<\/p>\n\n\n\n<p>Con esa imponente obra bajo el brazo y un permanente apego por el romanticismo, Milan\u00e9s forj\u00f3 un camino propio en la canci\u00f3n iberoamericana. A lo largo de su vida, edit\u00f3 m\u00e1s de 50 discos, recibi\u00f3, entre otros, el Premio Nacional de M\u00fasica de Cuba y el Grammy Latino a la Excelencia Musical, y colabor\u00f3 con m\u00fasicos como el pianista de jazz Emiliano Salvador, el cantante V\u00edctor Manuel y Xiomara Laugart.&nbsp;<\/p>\n","protected":false},"excerpt":{"rendered":"<p>El cantante y compositor cubano Pablo Milan\u00e9s, uno de los m\u00e1s destacados exponentes de la Nueva Trova Cubana junto a Silvio Rodr\u00edguez, falleci\u00f3 el martes a los 79 a\u00f1os en&hellip; <\/p>\n","protected":false},"author":4,"featured_media":21965,"comment_status":"closed","ping_status":"open","sticky":false,"template":"","format":"standard","meta":{"footnotes":""},"categories":[15],"tags":[],"class_list":["post-21959","post","type-post","status-publish","format-standard","has-post-thumbnail","hentry","category-cultura"],"_links":{"self":[{"href":"https:\/\/corrientesdetarde.com\/index.php\/wp-json\/wp\/v2\/posts\/21959","targetHints":{"allow":["GET"]}}],"collection":[{"href":"https:\/\/corrientesdetarde.com\/index.php\/wp-json\/wp\/v2\/posts"}],"about":[{"href":"https:\/\/corrientesdetarde.com\/index.php\/wp-json\/wp\/v2\/types\/post"}],"author":[{"embeddable":true,"href":"https:\/\/corrientesdetarde.com\/index.php\/wp-json\/wp\/v2\/users\/4"}],"replies":[{"embeddable":true,"href":"https:\/\/corrientesdetarde.com\/index.php\/wp-json\/wp\/v2\/comments?post=21959"}],"version-history":[{"count":1,"href":"https:\/\/corrientesdetarde.com\/index.php\/wp-json\/wp\/v2\/posts\/21959\/revisions"}],"predecessor-version":[{"id":21966,"href":"https:\/\/corrientesdetarde.com\/index.php\/wp-json\/wp\/v2\/posts\/21959\/revisions\/21966"}],"wp:featuredmedia":[{"embeddable":true,"href":"https:\/\/corrientesdetarde.com\/index.php\/wp-json\/wp\/v2\/media\/21965"}],"wp:attachment":[{"href":"https:\/\/corrientesdetarde.com\/index.php\/wp-json\/wp\/v2\/media?parent=21959"}],"wp:term":[{"taxonomy":"category","embeddable":true,"href":"https:\/\/corrientesdetarde.com\/index.php\/wp-json\/wp\/v2\/categories?post=21959"},{"taxonomy":"post_tag","embeddable":true,"href":"https:\/\/corrientesdetarde.com\/index.php\/wp-json\/wp\/v2\/tags?post=21959"}],"curies":[{"name":"wp","href":"https:\/\/api.w.org\/{rel}","templated":true}]}}