{"id":219594,"date":"2025-07-29T16:38:34","date_gmt":"2025-07-29T19:38:34","guid":{"rendered":"https:\/\/corrientesdetarde.com\/?p=219594"},"modified":"2025-07-29T16:38:38","modified_gmt":"2025-07-29T19:38:38","slug":"mirco-cuello-vs-sergio-rios-por-el-titulo-mundial-de-peso-pluma-de-la-amb-cuando-es-y-donde-verlo","status":"publish","type":"post","link":"https:\/\/corrientesdetarde.com\/index.php\/deportes\/mirco-cuello-vs-sergio-rios-por-el-titulo-mundial-de-peso-pluma-de-la-amb-cuando-es-y-donde-verlo\/","title":{"rendered":"Mirco Cuello vs. Sergio R\u00edos por el t\u00edtulo mundial de peso pluma de la AMB: cu\u00e1ndo es y donde verlo"},"content":{"rendered":"\n<p>El argentino se enfrentar\u00e1 al mexicano en busca del cintur\u00f3n interino, que dej\u00f3 vacante Naoya Inoue.<\/p>\n\n\n\n<p>Tras derrotar al mexicano Christian Olivo en el \u00faltimo round en febrero,\u00a0<strong>Mirco Cuello\u00a0<\/strong>enfrentar\u00e1 a\u00a0<strong>Sergio R\u00edos<\/strong>\u00a0en Libia y buscar\u00e1 obtener e<strong>l cintur\u00f3n interino de peso pluma de la Asociaci\u00f3n Mundial de Boxeo<\/strong>.<\/p>\n\n\n\n<h2 class=\"wp-block-heading\">Cu\u00e1ndo pelea Mirco Cuello por el t\u00edtulo interino de peso pluma de la AMB<\/h2>\n\n\n\n<p>El combate se llevar\u00e1 a cabo el&nbsp;<strong>viernes 8 de agosto&nbsp;<\/strong>en el Estadio Martyrs of Benina, ubicado en Libia. Adem\u00e1s de la de Cuello, la cartelera cuenta con otros cuatro duelos, entre los que destaca el del argentino<strong>&nbsp;Josu\u00e9 Ag\u00fcero<\/strong>, quien enfrentar\u00e1 al mexicano Diego Alem\u00e1n.<\/p>\n\n\n\n<figure class=\"wp-block-image\"><img decoding=\"async\" src=\"https:\/\/tn.com.ar\/resizer\/v2\/mirco-cuello-enfrentara-a-sergio-rios-en-libia-foto-instagram-mircocuello-BNSIXK7MQVBKVBGTYITD2YNET4.png?auth=703a2e3f1f7033f47f474d286f0ea5f4483f6e40ae5d065590966e7cd9342925&amp;width=767\" alt=\"Mirco Cuello enfrentar\u00e1 a Sergio R\u00edos en Libia. (Foto: Instagram - @mirco_cuello)\"\/><\/figure>\n\n\n\n<h2 class=\"wp-block-heading\">D\u00f3nde ver la pelea de Mirco Cuello ante Sergio R\u00edos<\/h2>\n\n\n\n<p>El evento se transmitir\u00e1 de forma completa en Argentina por el canal de cable de&nbsp;<em><strong>TyC Sports<\/strong><\/em>, y por la plataforma<em><strong>&nbsp;TyC Sports Play<\/strong><\/em>, en el ciclo Boxeo de Primera.<\/p>\n\n\n\n<h2 class=\"wp-block-heading\">La cartelera completa de la velada en Libia<\/h2>\n\n\n\n<ul class=\"wp-block-list\">\n<li><strong>Albert Ram\u00edrez\u00a0<\/strong>vs.\u00a0<strong>Jerome Pampellone<\/strong><\/li>\n\n\n\n<li><strong>Sofiane Oumiha\u00a0<\/strong>vs.\u00a0<strong>Francisco Fonseca<\/strong><\/li>\n\n\n\n<li><strong>Mike Per\u00e9z\u00a0<\/strong>vs.\u00a0<strong>Fernely Feliz Jr.<\/strong><\/li>\n\n\n\n<li><strong>Josu\u00e9 Ag\u00fcero\u00a0<\/strong>vs.\u00a0<strong>Diego Alem\u00e1n<\/strong><\/li>\n\n\n\n<li><strong>Mirco Cuello<\/strong>\u00a0vs.<strong>\u00a0Sergio R\u00edos<\/strong><\/li>\n<\/ul>\n\n\n\n<h2 class=\"wp-block-heading\">C\u00f3mo llegan Cuello y R\u00edos a la pelea<\/h2>\n\n\n\n<p>Cuello llega al combate ante R\u00edos de la mejor manera: el argentino de 24 a\u00f1os&nbsp;<strong>derrot\u00f3 al mexicano Cristian Olivo&nbsp;<\/strong>por noc\u00e1ut t\u00e9cnico en febrero de 2025, y qued\u00f3 como&nbsp;<strong>primer retador&nbsp;<\/strong>para el t\u00edtulo mundial de peso pluma.<\/p>\n\n\n\n<p>A lo largo de su carrera, Cuello combati\u00f3 en<strong>&nbsp;quince oportunidades<\/strong>, de las cuales<strong>&nbsp;gan\u00f3 todas y se impuso en doce ocasiones por n\u00f3caut<\/strong>. Adem\u00e1s, obtuvo la&nbsp;<strong>medalla de bronce en los Juegos Ol\u00edmpicos de la Juventud de 2018<\/strong>, y particip\u00f3 de los Juegos de Tokyo 2020.<\/p>\n\n\n\n<figure class=\"wp-block-image\"><img decoding=\"async\" src=\"https:\/\/tn.com.ar\/resizer\/v2\/cuello-obtuvo-la-medalla-de-bronce-en-los-juegos-olimpicos-juveniles-de-2018-foto-instagram-mircocuello-LGCZSZ3XM5EKNMG5WN5XFCND4E.png?auth=2091fbc6d82389d15d195a2576d868dff72121a22a4ef6530ac5caae16f6b910&amp;width=767\" alt=\"Cuello obtuvo la medalla de bronce en los Juegos Ol\u00edmpicos Juveniles de 2018. (Foto: Instagram - @mirco_cuello)\"\/><\/figure>\n\n\n\n<p><strong>R\u00edos<\/strong>, por su parte, pele\u00f3 por \u00faltima vez el&nbsp;<strong>30 de mayo&nbsp;<\/strong>de este a\u00f1o. En aquella ocasi\u00f3n, el mexicano&nbsp;<strong>venci\u00f3 a su compatriota Gustavo Molina por noc\u00e1ut<\/strong>&nbsp;en el primer asalto, estir\u00f3 su invicto y lleg\u00f3 a 19 victorias consecutivas.<\/p>\n\n\n\n<p><\/p>\n","protected":false},"excerpt":{"rendered":"<p>El argentino se enfrentar\u00e1 al mexicano en busca del cintur\u00f3n interino, que dej\u00f3 vacante Naoya Inoue. Tras derrotar al mexicano Christian Olivo en el \u00faltimo round en febrero,\u00a0Mirco Cuello\u00a0enfrentar\u00e1 a\u00a0Sergio&hellip; <\/p>\n","protected":false},"author":8,"featured_media":219595,"comment_status":"closed","ping_status":"open","sticky":false,"template":"","format":"standard","meta":{"footnotes":""},"categories":[4],"tags":[],"class_list":["post-219594","post","type-post","status-publish","format-standard","has-post-thumbnail","hentry","category-deportes"],"_links":{"self":[{"href":"https:\/\/corrientesdetarde.com\/index.php\/wp-json\/wp\/v2\/posts\/219594","targetHints":{"allow":["GET"]}}],"collection":[{"href":"https:\/\/corrientesdetarde.com\/index.php\/wp-json\/wp\/v2\/posts"}],"about":[{"href":"https:\/\/corrientesdetarde.com\/index.php\/wp-json\/wp\/v2\/types\/post"}],"author":[{"embeddable":true,"href":"https:\/\/corrientesdetarde.com\/index.php\/wp-json\/wp\/v2\/users\/8"}],"replies":[{"embeddable":true,"href":"https:\/\/corrientesdetarde.com\/index.php\/wp-json\/wp\/v2\/comments?post=219594"}],"version-history":[{"count":1,"href":"https:\/\/corrientesdetarde.com\/index.php\/wp-json\/wp\/v2\/posts\/219594\/revisions"}],"predecessor-version":[{"id":219596,"href":"https:\/\/corrientesdetarde.com\/index.php\/wp-json\/wp\/v2\/posts\/219594\/revisions\/219596"}],"wp:featuredmedia":[{"embeddable":true,"href":"https:\/\/corrientesdetarde.com\/index.php\/wp-json\/wp\/v2\/media\/219595"}],"wp:attachment":[{"href":"https:\/\/corrientesdetarde.com\/index.php\/wp-json\/wp\/v2\/media?parent=219594"}],"wp:term":[{"taxonomy":"category","embeddable":true,"href":"https:\/\/corrientesdetarde.com\/index.php\/wp-json\/wp\/v2\/categories?post=219594"},{"taxonomy":"post_tag","embeddable":true,"href":"https:\/\/corrientesdetarde.com\/index.php\/wp-json\/wp\/v2\/tags?post=219594"}],"curies":[{"name":"wp","href":"https:\/\/api.w.org\/{rel}","templated":true}]}}