{"id":219615,"date":"2025-07-29T20:36:57","date_gmt":"2025-07-29T23:36:57","guid":{"rendered":"https:\/\/corrientesdetarde.com\/?p=219615"},"modified":"2025-07-29T20:37:01","modified_gmt":"2025-07-29T23:37:01","slug":"valdes-entregara-microcreditos-y-notebooks-en-capital","status":"publish","type":"post","link":"https:\/\/corrientesdetarde.com\/index.php\/actualidad\/valdes-entregara-microcreditos-y-notebooks-en-capital\/","title":{"rendered":"Vald\u00e9s entregar\u00e1 microcr\u00e9ditos y notebooks en Capital"},"content":{"rendered":"\n<p>Este mi\u00e9rcoles 30, el gobernador Gustavo Vald\u00e9s encabezar\u00e1 dos actividades en la ciudad de Corrientes: la entrega de microcr\u00e9ditos a emprendedores, y la distribuci\u00f3n de notebooks del programa \u201cIncluir Futuro\u201d.<\/p>\n\n\n\n<p>La primera actividad se desarrollar\u00e1 en el Sal\u00f3n Amarillo de Casa de Gobierno a las 10:30, y la segunda ser\u00e1 a las 11:30 en la escuela Pedro Ferr\u00e9, por V\u00e9lez Sarsfield 1148.<\/p>\n","protected":false},"excerpt":{"rendered":"<p>Este mi\u00e9rcoles 30, el gobernador Gustavo Vald\u00e9s encabezar\u00e1 dos actividades en la ciudad de Corrientes: la entrega de microcr\u00e9ditos a emprendedores, y la distribuci\u00f3n de notebooks del programa \u201cIncluir Futuro\u201d.&hellip; <\/p>\n","protected":false},"author":4,"featured_media":219616,"comment_status":"closed","ping_status":"open","sticky":false,"template":"","format":"standard","meta":{"footnotes":""},"categories":[23],"tags":[],"class_list":["post-219615","post","type-post","status-publish","format-standard","has-post-thumbnail","hentry","category-actualidad"],"_links":{"self":[{"href":"https:\/\/corrientesdetarde.com\/index.php\/wp-json\/wp\/v2\/posts\/219615","targetHints":{"allow":["GET"]}}],"collection":[{"href":"https:\/\/corrientesdetarde.com\/index.php\/wp-json\/wp\/v2\/posts"}],"about":[{"href":"https:\/\/corrientesdetarde.com\/index.php\/wp-json\/wp\/v2\/types\/post"}],"author":[{"embeddable":true,"href":"https:\/\/corrientesdetarde.com\/index.php\/wp-json\/wp\/v2\/users\/4"}],"replies":[{"embeddable":true,"href":"https:\/\/corrientesdetarde.com\/index.php\/wp-json\/wp\/v2\/comments?post=219615"}],"version-history":[{"count":1,"href":"https:\/\/corrientesdetarde.com\/index.php\/wp-json\/wp\/v2\/posts\/219615\/revisions"}],"predecessor-version":[{"id":219617,"href":"https:\/\/corrientesdetarde.com\/index.php\/wp-json\/wp\/v2\/posts\/219615\/revisions\/219617"}],"wp:featuredmedia":[{"embeddable":true,"href":"https:\/\/corrientesdetarde.com\/index.php\/wp-json\/wp\/v2\/media\/219616"}],"wp:attachment":[{"href":"https:\/\/corrientesdetarde.com\/index.php\/wp-json\/wp\/v2\/media?parent=219615"}],"wp:term":[{"taxonomy":"category","embeddable":true,"href":"https:\/\/corrientesdetarde.com\/index.php\/wp-json\/wp\/v2\/categories?post=219615"},{"taxonomy":"post_tag","embeddable":true,"href":"https:\/\/corrientesdetarde.com\/index.php\/wp-json\/wp\/v2\/tags?post=219615"}],"curies":[{"name":"wp","href":"https:\/\/api.w.org\/{rel}","templated":true}]}}