{"id":219646,"date":"2025-07-30T01:48:52","date_gmt":"2025-07-30T04:48:52","guid":{"rendered":"https:\/\/corrientesdetarde.com\/?p=219646"},"modified":"2025-07-30T01:49:04","modified_gmt":"2025-07-30T04:49:04","slug":"valdes-nego-favoritismo-hacia-capital-son-visiones-politicas-hemos-trabajado-enormemente-en-el-interior-provincial","status":"publish","type":"post","link":"https:\/\/corrientesdetarde.com\/index.php\/politica-3\/valdes-nego-favoritismo-hacia-capital-son-visiones-politicas-hemos-trabajado-enormemente-en-el-interior-provincial\/","title":{"rendered":"Vald\u00e9s neg\u00f3 favoritismo hacia Capital: &#8220;Son visiones pol\u00edticas, hemos trabajado enormemente en el interior provincial&#8221;"},"content":{"rendered":"\n<p>En di\u00e1logo con la prensa, el Gobernador defendi\u00f3 la inversi\u00f3n en obra p\u00fablica y pidi\u00f3 respaldo para continuar el plan de desarrollo en Corrientes.<\/p>\n\n\n\n<p>El gobernador de Corrientes, Gustavo Vald\u00e9s, brind\u00f3 definiciones sobre los ejes de gesti\u00f3n que marcaron sus dos mandatos y adelant\u00f3 parte del plan de obras proyectado para los pr\u00f3ximos cuatro a\u00f1os. En declaraciones recientes, asegur\u00f3 que &#8220;ya se concretaron 2.600 cuadras&#8221; de asfalto en la capital y que est\u00e1n dadas las condiciones &#8220;para avanzar con otras 2.000&#8221;. &#8220;Vamos a avanzar y mucho, porque ya tenemos la nivelaci\u00f3n, el cord\u00f3n cuneta, muchos enripiados, y vamos a seguir generando mayor transitabilidad&#8221;, afirm\u00f3.<\/p>\n\n\n\n<p>En ese marco, respondi\u00f3 a las cr\u00edticas sobre una supuesta priorizaci\u00f3n de la capital por sobre otros municipios: &#8220;Son visiones pol\u00edticas. Hemos trabajado enormemente en el interior provincial, casi en todas las comunas. Hoy hay cuatro plantas de asfalto funcionando en Corrientes, y estamos llegando a cada localidad como lo hicimos en Capital&#8221;.<\/p>\n\n\n\n<p>Vald\u00e9s defendi\u00f3 la concentraci\u00f3n de obras en la ciudad capital argumentando que all\u00ed se asienta entre el 35 y el 40% de la poblaci\u00f3n provincial. &#8220;Durante a\u00f1os no se invert\u00eda en la ciudad de Corrientes. Hab\u00eda barrios con zanjas de aguas servidas. Eso hoy se corrigi\u00f3 y mejor\u00f3, aunque todav\u00eda queda por hacer&#8221;, remarc\u00f3.<\/p>\n\n\n\n<p>En relaci\u00f3n con la continuidad de las obras tras las elecciones, asegur\u00f3 que, en caso de ganar el oficialismo, no habr\u00e1 interrupciones: &#8220;Si ganamos nosotros, no tienen que tener miedo. Nosotros sabemos c\u00f3mo hacerlo, tenemos la experiencia, administramos bien y no tomamos dinero prestado. Esto es fruto de una buena administraci\u00f3n&#8221;.<\/p>\n\n\n\n<p>Pidi\u00f3 adem\u00e1s el acompa\u00f1amiento para los candidatos del espacio: &#8220;Les pedimos a los vecinos que voten a Juan Pablo Vald\u00e9s como gobernador y a Claudio Polich como intendente. Vamos a seguir por este camino de progreso&#8221;.<\/p>\n\n\n\n<p>Sobre el impacto del recurso humano en la obra p\u00fablica, rechaz\u00f3 cr\u00edticas de sectores que se\u00f1alan un desbalance: &#8220;Nuestros niveles salariales est\u00e1n bien. No gastamos en otra cosa que no sea en los objetivos primarios de la provincia. Estamos en el m\u00e1ximo que marca la Constituci\u00f3n, que es invertir hasta el 60% del presupuesto. Y lo hacemos con aumentos constantes y responsables para activos y pasivos&#8221;.<\/p>\n\n\n\n<p>Consultado sobre el reparto de la coparticipaci\u00f3n, aclar\u00f3 que &#8220;no afecta los ingresos de Corrientes&#8221; y celebr\u00f3 que la baja de retenciones beneficia a las provincias productoras. Adem\u00e1s, anticip\u00f3 que volver\u00e1n a implementar el fondo fiduciario arrocero para acompa\u00f1ar al sector en un contexto de altos costos productivos.<\/p>\n\n\n\n<p>Finalmente, destac\u00f3 las acciones para fortalecer la industria c\u00e1rnica provincial: &#8220;Estamos invirtiendo el impuesto a la mera compra en frigor\u00edficos con ciclo 2, para que podamos avanzar en el troceado de carnes y venta envasada al vac\u00edo. Ese es el camino. Tambi\u00e9n trabajamos en producci\u00f3n de ma\u00edz para garantizar el engorde a trav\u00e9s de feedlots&#8221;.<\/p>\n\n\n\n<p>Vald\u00e9s cerr\u00f3 reafirmando que Corrientes &#8220;nunca experiment\u00f3 tanto equilibrio y desarrollo&#8221;, y pidi\u00f3 seguir con una &#8220;visi\u00f3n clara de producci\u00f3n e industrializaci\u00f3n&#8221;.<\/p>\n","protected":false},"excerpt":{"rendered":"<p>En di\u00e1logo con la prensa, el Gobernador defendi\u00f3 la inversi\u00f3n en obra p\u00fablica y pidi\u00f3 respaldo para continuar el plan de desarrollo en Corrientes. El gobernador de Corrientes, Gustavo Vald\u00e9s,&hellip; <\/p>\n","protected":false},"author":4,"featured_media":219647,"comment_status":"closed","ping_status":"open","sticky":false,"template":"","format":"standard","meta":{"footnotes":""},"categories":[2870],"tags":[],"class_list":["post-219646","post","type-post","status-publish","format-standard","has-post-thumbnail","hentry","category-politica-3"],"_links":{"self":[{"href":"https:\/\/corrientesdetarde.com\/index.php\/wp-json\/wp\/v2\/posts\/219646","targetHints":{"allow":["GET"]}}],"collection":[{"href":"https:\/\/corrientesdetarde.com\/index.php\/wp-json\/wp\/v2\/posts"}],"about":[{"href":"https:\/\/corrientesdetarde.com\/index.php\/wp-json\/wp\/v2\/types\/post"}],"author":[{"embeddable":true,"href":"https:\/\/corrientesdetarde.com\/index.php\/wp-json\/wp\/v2\/users\/4"}],"replies":[{"embeddable":true,"href":"https:\/\/corrientesdetarde.com\/index.php\/wp-json\/wp\/v2\/comments?post=219646"}],"version-history":[{"count":1,"href":"https:\/\/corrientesdetarde.com\/index.php\/wp-json\/wp\/v2\/posts\/219646\/revisions"}],"predecessor-version":[{"id":219648,"href":"https:\/\/corrientesdetarde.com\/index.php\/wp-json\/wp\/v2\/posts\/219646\/revisions\/219648"}],"wp:featuredmedia":[{"embeddable":true,"href":"https:\/\/corrientesdetarde.com\/index.php\/wp-json\/wp\/v2\/media\/219647"}],"wp:attachment":[{"href":"https:\/\/corrientesdetarde.com\/index.php\/wp-json\/wp\/v2\/media?parent=219646"}],"wp:term":[{"taxonomy":"category","embeddable":true,"href":"https:\/\/corrientesdetarde.com\/index.php\/wp-json\/wp\/v2\/categories?post=219646"},{"taxonomy":"post_tag","embeddable":true,"href":"https:\/\/corrientesdetarde.com\/index.php\/wp-json\/wp\/v2\/tags?post=219646"}],"curies":[{"name":"wp","href":"https:\/\/api.w.org\/{rel}","templated":true}]}}