{"id":219673,"date":"2025-07-30T09:37:08","date_gmt":"2025-07-30T12:37:08","guid":{"rendered":"https:\/\/corrientesdetarde.com\/?p=219673"},"modified":"2025-07-30T09:37:20","modified_gmt":"2025-07-30T12:37:20","slug":"vamos-corrientes-recorrio-el-barrio-antartida-argentina-ratificando-el-trabajo-de-provincia-municipio-para-avanzar-en-mejoras-urbanas","status":"publish","type":"post","link":"https:\/\/corrientesdetarde.com\/index.php\/sociales\/vamos-corrientes-recorrio-el-barrio-antartida-argentina-ratificando-el-trabajo-de-provincia-municipio-para-avanzar-en-mejoras-urbanas\/","title":{"rendered":"Vamos Corrientes recorri\u00f3 el barrio Ant\u00e1rtida Argentina ratificando el trabajo de Provincia-Municipio para avanzar en mejoras urbanas"},"content":{"rendered":"\n<p>Vamos Corrientes realiz\u00f3 este martes una multitudinaria caminata de campa\u00f1a\u00a0en el barrio Ant\u00e1rtida Argentina con todos sus candidatos que este 31 de agosto ser\u00e1n puestos a consideraci\u00f3n por los electores correntinos. Durante el di\u00e1logo con los vecinos, ratificaron el compromiso de continuar la infraestructura urbana mediante el trabajo articulado entre Provincia y Municipio &#8220;para completar este desarrollo a toda la ciudad&#8221;.<\/p>\n\n\n\n<figure class=\"wp-block-image size-full\"><img loading=\"lazy\" decoding=\"async\" width=\"746\" height=\"746\" src=\"https:\/\/corrientesdetarde.com\/wp-content\/uploads\/2025\/07\/image-982.png\" alt=\"\" class=\"wp-image-219687\" srcset=\"https:\/\/corrientesdetarde.com\/wp-content\/uploads\/2025\/07\/image-982.png 746w, https:\/\/corrientesdetarde.com\/wp-content\/uploads\/2025\/07\/image-982-300x300.png 300w, https:\/\/corrientesdetarde.com\/wp-content\/uploads\/2025\/07\/image-982-150x150.png 150w\" sizes=\"auto, (max-width: 746px) 100vw, 746px\" \/><\/figure>\n\n\n\n<p><\/p>\n\n\n\n<p><\/p>\n\n\n\n<p><\/p>\n\n\n\n<p>La masiva recorrida fue encabezada por las f\u00f3rmulas a la gobernaci\u00f3n de Juan Pablo Vald\u00e9s y Pedro Braillard Poccard; y a la intendencia de Claudio Polich y Ariel B\u00e1ez, como as\u00ed&nbsp;tambi\u00e9n los candidatos a concejales encabezados por el viceintendente Emilio Lanari y a legisladores provinciales, encabezados por el intendente Eduardo Tassano (diputados) y el gobernador Gustavo Valdd\u00e9s&nbsp;(senadores).<\/p>\n\n\n\n<p>&#8220;Recibimos mucho afecto de los vecinos, porque en este barrio tenemos mucho trabajo hecho y eso nos lo reconocen a todos nosotros que nos ven como un equipo&#8221;, afirm\u00f3 el Gobernador al concluir la caminata que parti\u00f3 y finaliz\u00f3 desde la plaza Juan Pablo II, en la esquina de Reconquista y Esparta.<\/p>\n\n\n\n<p>&#8220;Con Eduardo Tassano hicimos un trabajo enorme&#8221;, agreg\u00f3 luego el mandatario provincial, considerando que igual recibimiento de los vecinos tienen &#8220;Emilio Lanari, Ariel B\u00e1ez y todos nuestros concejales&#8221;, al &#8220;hablar cara a cara, estuvimos en un centro de jubilados, viendo lo que necesitan, recibiendo inquietudes de los vecinos&#8221;.<\/p>\n\n\n\n<p>Por su parte, Polich, indic\u00f3 que &#8220;en este barrio hicimos muchas obras vinculadas a pavimentaci\u00f3n y desag\u00fces, aunque nos faltan algunas cosas que las vamos a corregir en poco tiempo. La gente tiene mucha expectativa sobre lo que podemos hacer y lo vamos a continuar haciendo, as\u00ed que eso nos genera una gran responsabilidad&#8221;.<\/p>\n\n\n\n<p>Puntualmente, sobre la zona recorrida, Polich indic\u00f3 que &#8220;ac\u00e1 tenemos dos inconvenientes, uno vinculado a un desag\u00fce&nbsp;que pasa por la calle reconquista y otro tiene que ver con algunas cuadras aisladas que son cortadas y que nos quedaron sin pavimentar. En aquel momento que estuvimos trabajando aqu\u00ed, estuvimos enfocados en la emergencia y ahora ya estamos en condiciones de terminar todo lo que nos falt\u00f3&#8221;.<\/p>\n\n\n\n<p>El ministro de Obras P\u00fablicas y candidato a intendente, consider\u00f3 que &#8220;la gente entiende y sabe que estamos haciendo todo lo que es posible y la demanda siempre se vincula con la expectativa, los vecinos siempre le piden soluciones a quienes se la pueden dar y nosotros estamos en condiciones de dar esas respuestas, porque hay un trabajo que se viene articulando entre el Municipio y la Provincia y por eso es que se nota el avance de cada barrio de la Capital&#8221;.<\/p>\n\n\n\n<p>En tanto, el candidato a gobernador Juan Pablo Vald\u00e9s se\u00f1al\u00f3 en la ocasi\u00f3n que &#8220;estamos hablando con los vecinos, recogiendo las primeras sensaciones de primera mano. Aqu\u00ed notamos&nbsp;muy contentos a los vecinos, este es otro barrio que se transform\u00f3 y nos expresan su felicidad por ello, lo reconoce, nos alientan y nos piden para que los dem\u00e1s barrios puedan contar con las mismas mejoras como ser el pavimento, cord\u00f3n cuneta, desag\u00fces, ripio e iluminaci\u00f3n&#8221;.<\/p>\n\n\n\n<figure class=\"wp-block-image size-full\"><img loading=\"lazy\" decoding=\"async\" width=\"987\" height=\"630\" src=\"https:\/\/corrientesdetarde.com\/wp-content\/uploads\/2025\/07\/image-980.png\" alt=\"\" class=\"wp-image-219685\" srcset=\"https:\/\/corrientesdetarde.com\/wp-content\/uploads\/2025\/07\/image-980.png 987w, https:\/\/corrientesdetarde.com\/wp-content\/uploads\/2025\/07\/image-980-300x191.png 300w, https:\/\/corrientesdetarde.com\/wp-content\/uploads\/2025\/07\/image-980-768x490.png 768w\" sizes=\"auto, (max-width: 987px) 100vw, 987px\" \/><\/figure>\n\n\n\n<p>&#8220;Queda mucho por hacer en esta Capital y sin dudas lo vamos a hacer con Claudio Polich y Ariel B\u00e1ez, vamos a trabajar juntos Provincia y Municipio para completar este desarrollo a toda la ciudad&#8221;, prometi\u00f3 el candidato a gobernador de Vamos Corrientes<\/p>\n","protected":false},"excerpt":{"rendered":"<p>Vamos Corrientes realiz\u00f3 este martes una multitudinaria caminata de campa\u00f1a\u00a0en el barrio Ant\u00e1rtida Argentina con todos sus candidatos que este 31 de agosto ser\u00e1n puestos a consideraci\u00f3n por los electores&hellip; <\/p>\n","protected":false},"author":1,"featured_media":219686,"comment_status":"closed","ping_status":"open","sticky":false,"template":"","format":"standard","meta":{"footnotes":""},"categories":[17],"tags":[],"class_list":["post-219673","post","type-post","status-publish","format-standard","has-post-thumbnail","hentry","category-sociales"],"_links":{"self":[{"href":"https:\/\/corrientesdetarde.com\/index.php\/wp-json\/wp\/v2\/posts\/219673","targetHints":{"allow":["GET"]}}],"collection":[{"href":"https:\/\/corrientesdetarde.com\/index.php\/wp-json\/wp\/v2\/posts"}],"about":[{"href":"https:\/\/corrientesdetarde.com\/index.php\/wp-json\/wp\/v2\/types\/post"}],"author":[{"embeddable":true,"href":"https:\/\/corrientesdetarde.com\/index.php\/wp-json\/wp\/v2\/users\/1"}],"replies":[{"embeddable":true,"href":"https:\/\/corrientesdetarde.com\/index.php\/wp-json\/wp\/v2\/comments?post=219673"}],"version-history":[{"count":1,"href":"https:\/\/corrientesdetarde.com\/index.php\/wp-json\/wp\/v2\/posts\/219673\/revisions"}],"predecessor-version":[{"id":219688,"href":"https:\/\/corrientesdetarde.com\/index.php\/wp-json\/wp\/v2\/posts\/219673\/revisions\/219688"}],"wp:featuredmedia":[{"embeddable":true,"href":"https:\/\/corrientesdetarde.com\/index.php\/wp-json\/wp\/v2\/media\/219686"}],"wp:attachment":[{"href":"https:\/\/corrientesdetarde.com\/index.php\/wp-json\/wp\/v2\/media?parent=219673"}],"wp:term":[{"taxonomy":"category","embeddable":true,"href":"https:\/\/corrientesdetarde.com\/index.php\/wp-json\/wp\/v2\/categories?post=219673"},{"taxonomy":"post_tag","embeddable":true,"href":"https:\/\/corrientesdetarde.com\/index.php\/wp-json\/wp\/v2\/tags?post=219673"}],"curies":[{"name":"wp","href":"https:\/\/api.w.org\/{rel}","templated":true}]}}