{"id":219674,"date":"2025-07-30T09:34:06","date_gmt":"2025-07-30T12:34:06","guid":{"rendered":"https:\/\/corrientesdetarde.com\/?p=219674"},"modified":"2025-07-30T09:34:18","modified_gmt":"2025-07-30T12:34:18","slug":"un-camion-choco-contra-una-moto-y-murio-un-joven-en-el-acto","status":"publish","type":"post","link":"https:\/\/corrientesdetarde.com\/index.php\/policiales\/un-camion-choco-contra-una-moto-y-murio-un-joven-en-el-acto\/","title":{"rendered":"Un cami\u00f3n choc\u00f3 contra una moto y muri\u00f3 un joven en el acto"},"content":{"rendered":"\n<p>La Polic\u00eda de Corrientes inform\u00f3 este martes que un cami\u00f3n choc\u00f3 contra una moto en la localidad correntina de Esquina. Como consecuencia del impacto, un joven muri\u00f3.<\/p>\n\n\n<div class=\"wp-block-image\">\n<figure class=\"alignleft size-full\"><img loading=\"lazy\" decoding=\"async\" width=\"380\" height=\"252\" src=\"https:\/\/corrientesdetarde.com\/wp-content\/uploads\/2025\/07\/image-978.png\" alt=\"\" class=\"wp-image-219681\" srcset=\"https:\/\/corrientesdetarde.com\/wp-content\/uploads\/2025\/07\/image-978.png 380w, https:\/\/corrientesdetarde.com\/wp-content\/uploads\/2025\/07\/image-978-300x199.png 300w\" sizes=\"auto, (max-width: 380px) 100vw, 380px\" \/><\/figure>\n<\/div>\n\n\n<p>El siniestro ocurri\u00f3 alrededor de las 22:50, en la intersecci\u00f3n de las calles Belgrano y Julio A. Roca. All\u00ed, un cami\u00f3n marca Ford, conducido por un hombre mayor de edad de apellido Dramdrea, impact\u00f3 contra una moto Corven 110 en la que circulaban dos adolescentes.<\/p>\n\n\n\n<p>Uno de los ocupantes de la motocicleta, identificado como Sosa, de 18 a\u00f1os, muri\u00f3 en el lugar a causa de las heridas sufridas. El otro adolescente fue asistido por los servicios de emergencia, aunque no se difundieron detalles sobre su estado de salud.<\/p>\n\n\n\n<p>Las autoridades policiales contin\u00faan con las diligencias correspondientes para esclarecer las circunstancias del hecho. En tanto, la Comisar\u00eda Primera de Esquina lleva adelante las actuaciones sumariales de rigor.<\/p>\n","protected":false},"excerpt":{"rendered":"<p>La Polic\u00eda de Corrientes inform\u00f3 este martes que un cami\u00f3n choc\u00f3 contra una moto en la localidad correntina de Esquina. Como consecuencia del impacto, un joven muri\u00f3. El siniestro ocurri\u00f3&hellip; <\/p>\n","protected":false},"author":1,"featured_media":219682,"comment_status":"closed","ping_status":"open","sticky":false,"template":"","format":"standard","meta":{"footnotes":""},"categories":[33],"tags":[],"class_list":["post-219674","post","type-post","status-publish","format-standard","has-post-thumbnail","hentry","category-policiales"],"_links":{"self":[{"href":"https:\/\/corrientesdetarde.com\/index.php\/wp-json\/wp\/v2\/posts\/219674","targetHints":{"allow":["GET"]}}],"collection":[{"href":"https:\/\/corrientesdetarde.com\/index.php\/wp-json\/wp\/v2\/posts"}],"about":[{"href":"https:\/\/corrientesdetarde.com\/index.php\/wp-json\/wp\/v2\/types\/post"}],"author":[{"embeddable":true,"href":"https:\/\/corrientesdetarde.com\/index.php\/wp-json\/wp\/v2\/users\/1"}],"replies":[{"embeddable":true,"href":"https:\/\/corrientesdetarde.com\/index.php\/wp-json\/wp\/v2\/comments?post=219674"}],"version-history":[{"count":1,"href":"https:\/\/corrientesdetarde.com\/index.php\/wp-json\/wp\/v2\/posts\/219674\/revisions"}],"predecessor-version":[{"id":219683,"href":"https:\/\/corrientesdetarde.com\/index.php\/wp-json\/wp\/v2\/posts\/219674\/revisions\/219683"}],"wp:featuredmedia":[{"embeddable":true,"href":"https:\/\/corrientesdetarde.com\/index.php\/wp-json\/wp\/v2\/media\/219682"}],"wp:attachment":[{"href":"https:\/\/corrientesdetarde.com\/index.php\/wp-json\/wp\/v2\/media?parent=219674"}],"wp:term":[{"taxonomy":"category","embeddable":true,"href":"https:\/\/corrientesdetarde.com\/index.php\/wp-json\/wp\/v2\/categories?post=219674"},{"taxonomy":"post_tag","embeddable":true,"href":"https:\/\/corrientesdetarde.com\/index.php\/wp-json\/wp\/v2\/tags?post=219674"}],"curies":[{"name":"wp","href":"https:\/\/api.w.org\/{rel}","templated":true}]}}