{"id":219684,"date":"2025-07-30T10:25:57","date_gmt":"2025-07-30T13:25:57","guid":{"rendered":"https:\/\/corrientesdetarde.com\/?p=219684"},"modified":"2025-07-30T10:26:00","modified_gmt":"2025-07-30T13:26:00","slug":"la-dpec-realizara-trabajos-de-mejoras-hoy-en-alvear-y-zonas-de-influencia","status":"publish","type":"post","link":"https:\/\/corrientesdetarde.com\/index.php\/informacion-general\/la-dpec-realizara-trabajos-de-mejoras-hoy-en-alvear-y-zonas-de-influencia\/","title":{"rendered":"La DPEC realizar\u00e1 trabajos de mejoras hoy en Alvear y zonas de influencia"},"content":{"rendered":"\n<p>La Direcci\u00f3n Provincial de Energ\u00eda de Corrientes (DPEC) informa que con motivo de realizar mejoras en el servicio, se ejecutar\u00e1n tareas de mantenimiento de Alimentador de Media Tensi\u00f3n este mi\u00e9rcoles, por lo cual se interrumpir\u00e1 el suministro de energ\u00eda el\u00e9ctrica en las localidades de Estaci\u00f3n Torrent, Alvear y zonas rurales (Pancho Cu\u00e9, Ruta N\u00b0 36, Las Palmitas), de 14 a 15.<\/p>\n","protected":false},"excerpt":{"rendered":"<p>La Direcci\u00f3n Provincial de Energ\u00eda de Corrientes (DPEC) informa que con motivo de realizar mejoras en el servicio, se ejecutar\u00e1n tareas de mantenimiento de Alimentador de Media Tensi\u00f3n este mi\u00e9rcoles,&hellip; <\/p>\n","protected":false},"author":1,"featured_media":212082,"comment_status":"closed","ping_status":"open","sticky":false,"template":"","format":"standard","meta":{"footnotes":""},"categories":[1],"tags":[],"class_list":["post-219684","post","type-post","status-publish","format-standard","has-post-thumbnail","hentry","category-informacion-general"],"_links":{"self":[{"href":"https:\/\/corrientesdetarde.com\/index.php\/wp-json\/wp\/v2\/posts\/219684","targetHints":{"allow":["GET"]}}],"collection":[{"href":"https:\/\/corrientesdetarde.com\/index.php\/wp-json\/wp\/v2\/posts"}],"about":[{"href":"https:\/\/corrientesdetarde.com\/index.php\/wp-json\/wp\/v2\/types\/post"}],"author":[{"embeddable":true,"href":"https:\/\/corrientesdetarde.com\/index.php\/wp-json\/wp\/v2\/users\/1"}],"replies":[{"embeddable":true,"href":"https:\/\/corrientesdetarde.com\/index.php\/wp-json\/wp\/v2\/comments?post=219684"}],"version-history":[{"count":1,"href":"https:\/\/corrientesdetarde.com\/index.php\/wp-json\/wp\/v2\/posts\/219684\/revisions"}],"predecessor-version":[{"id":219693,"href":"https:\/\/corrientesdetarde.com\/index.php\/wp-json\/wp\/v2\/posts\/219684\/revisions\/219693"}],"wp:featuredmedia":[{"embeddable":true,"href":"https:\/\/corrientesdetarde.com\/index.php\/wp-json\/wp\/v2\/media\/212082"}],"wp:attachment":[{"href":"https:\/\/corrientesdetarde.com\/index.php\/wp-json\/wp\/v2\/media?parent=219684"}],"wp:term":[{"taxonomy":"category","embeddable":true,"href":"https:\/\/corrientesdetarde.com\/index.php\/wp-json\/wp\/v2\/categories?post=219684"},{"taxonomy":"post_tag","embeddable":true,"href":"https:\/\/corrientesdetarde.com\/index.php\/wp-json\/wp\/v2\/tags?post=219684"}],"curies":[{"name":"wp","href":"https:\/\/api.w.org\/{rel}","templated":true}]}}