{"id":219692,"date":"2025-07-30T11:42:29","date_gmt":"2025-07-30T14:42:29","guid":{"rendered":"https:\/\/corrientesdetarde.com\/?p=219692"},"modified":"2025-07-30T11:42:32","modified_gmt":"2025-07-30T14:42:32","slug":"postergan-el-traslado-de-los-restos-del-sargento-cabral-a-saladas","status":"publish","type":"post","link":"https:\/\/corrientesdetarde.com\/index.php\/destacados\/postergan-el-traslado-de-los-restos-del-sargento-cabral-a-saladas\/","title":{"rendered":"Postergan el traslado de los restos del sargento Cabral a Saladas"},"content":{"rendered":"\n<p>El traslado de los restos\u00a0 del Sargento Juan Bautista Cabral\u00a0 a Saladas, su tierra natal, previsto para el s\u00e1bado 2 de agosto en el marco de un acto hist\u00f3rico, fue repentinamente suspendido y\u00a0 postergado. No se descarta que la medida se haya tomado por las diferencias pol\u00edticas entre el presidente Javier Milei y la vicepresidenta Victoria Villarruel, que ten\u00eda prevista su participaci\u00f3n, seg\u00fan trascendi\u00f3. No fue anunciada a\u00fan, una nueva fecha.La noticia fue confirmada a la prensa por el propio intendente de Saladas, Noel G\u00f3mez&nbsp; que dijo al respecto que espera que tal&nbsp; decisi\u00f3n &#8220;no haya sido por cuestiones pol\u00edticas, sino por un tema burocr\u00e1tico&#8221;.<\/p>\n\n\n\n<p>La referencia hace alusi\u00f3n a las diferencias entre Milei y Villarruel, especialmente porque hab\u00eda trascendido esta \u00faltima&nbsp; hab\u00eda confirmado su presencia en el hist\u00f3rico acto en Saladas, por el regreso de los restos tras 212 a\u00f1os.&nbsp;<\/p>\n\n\n\n<p>&nbsp;Sobre el hecho,&nbsp; el gobernador Gustavo Vald\u00e9s, dijo no tener la informaci\u00f3n oficial de la supensi\u00f3n y&nbsp; sobre la restituci\u00f3n de los restos del h\u00e9roe nacional,&nbsp; expres\u00f3 que &#8220;el pueblo correntino sea su custodio es para nosotros , un gran honor&#8221;.<\/p>\n\n\n\n<p>A\u00fan no hay fecha confirmada para el regreso de los restos a su Saladas natal del sargento Juan Bautista Cabral, qui\u00e9n salv\u00f3 la vida del General San Mart\u00edn y muri\u00f3 en el combate de San Lorenzo en 1813.<\/p>\n\n\n\n<figure class=\"wp-block-image\"><img decoding=\"async\" src=\"https:\/\/www.radiodos.com.ar\/content\/bucket\/8\/267318w380h265c.png.webp\" alt=\"\"\/><\/figure>\n","protected":false},"excerpt":{"rendered":"<p>El traslado de los restos\u00a0 del Sargento Juan Bautista Cabral\u00a0 a Saladas, su tierra natal, previsto para el s\u00e1bado 2 de agosto en el marco de un acto hist\u00f3rico, fue&hellip; <\/p>\n","protected":false},"author":1,"featured_media":219696,"comment_status":"closed","ping_status":"open","sticky":false,"template":"","format":"standard","meta":{"footnotes":""},"categories":[26],"tags":[],"class_list":["post-219692","post","type-post","status-publish","format-standard","has-post-thumbnail","hentry","category-destacados"],"_links":{"self":[{"href":"https:\/\/corrientesdetarde.com\/index.php\/wp-json\/wp\/v2\/posts\/219692","targetHints":{"allow":["GET"]}}],"collection":[{"href":"https:\/\/corrientesdetarde.com\/index.php\/wp-json\/wp\/v2\/posts"}],"about":[{"href":"https:\/\/corrientesdetarde.com\/index.php\/wp-json\/wp\/v2\/types\/post"}],"author":[{"embeddable":true,"href":"https:\/\/corrientesdetarde.com\/index.php\/wp-json\/wp\/v2\/users\/1"}],"replies":[{"embeddable":true,"href":"https:\/\/corrientesdetarde.com\/index.php\/wp-json\/wp\/v2\/comments?post=219692"}],"version-history":[{"count":1,"href":"https:\/\/corrientesdetarde.com\/index.php\/wp-json\/wp\/v2\/posts\/219692\/revisions"}],"predecessor-version":[{"id":219697,"href":"https:\/\/corrientesdetarde.com\/index.php\/wp-json\/wp\/v2\/posts\/219692\/revisions\/219697"}],"wp:featuredmedia":[{"embeddable":true,"href":"https:\/\/corrientesdetarde.com\/index.php\/wp-json\/wp\/v2\/media\/219696"}],"wp:attachment":[{"href":"https:\/\/corrientesdetarde.com\/index.php\/wp-json\/wp\/v2\/media?parent=219692"}],"wp:term":[{"taxonomy":"category","embeddable":true,"href":"https:\/\/corrientesdetarde.com\/index.php\/wp-json\/wp\/v2\/categories?post=219692"},{"taxonomy":"post_tag","embeddable":true,"href":"https:\/\/corrientesdetarde.com\/index.php\/wp-json\/wp\/v2\/tags?post=219692"}],"curies":[{"name":"wp","href":"https:\/\/api.w.org\/{rel}","templated":true}]}}