{"id":219695,"date":"2025-07-30T11:45:46","date_gmt":"2025-07-30T14:45:46","guid":{"rendered":"https:\/\/corrientesdetarde.com\/?p=219695"},"modified":"2025-07-30T11:45:50","modified_gmt":"2025-07-30T14:45:50","slug":"boca-se-hunde-en-la-falta-de-gestion","status":"publish","type":"post","link":"https:\/\/corrientesdetarde.com\/index.php\/deportes\/boca-se-hunde-en-la-falta-de-gestion\/","title":{"rendered":"BOCA SE HUNDE EN LA FALTA DE GESTI\u00d3N"},"content":{"rendered":"\n<p>Por Coco Ram\u00f3n para CDT &#8211; La situaci\u00f3n institucional y deportiva de Boca Juniors atraviesa uno de los momentos m\u00e1s cr\u00edticos de los \u00faltimos a\u00f1os. A pesar del peso simb\u00f3lico que representa Juan Rom\u00e1n Riquelme en la historia del club, su rol como dirigente principal parece haber quedado desbordado ante una realidad que exige m\u00e1s gesti\u00f3n y menos nostalgia.<\/p>\n\n\n\n<figure class=\"wp-block-embed is-type-video is-provider-youtube wp-block-embed-youtube wp-embed-aspect-16-9 wp-has-aspect-ratio\"><div class=\"wp-block-embed__wrapper\">\n<iframe loading=\"lazy\" title=\"BOCA HUNDIDO EN UN MAR DE FALT DE GESTI\u00d3N\" width=\"1110\" height=\"624\" src=\"https:\/\/www.youtube.com\/embed\/RSRY_4Drfuc?feature=oembed\" frameborder=\"0\" allow=\"accelerometer; autoplay; clipboard-write; encrypted-media; gyroscope; picture-in-picture; web-share\" referrerpolicy=\"strict-origin-when-cross-origin\" allowfullscreen><\/iframe>\n<\/div><\/figure>\n\n\n\n<p>En apenas una semana, el club debi\u00f3 afrontar conflictos internos en el plantel, decisiones err\u00e1ticas en el mercado de pases, versiones cruzadas sobre la continuidad del cuerpo t\u00e9cnico, y crecientes reclamos de socios que no se sienten escuchados. Todo esto, mientras el equipo no encuentra un rumbo futbol\u00edstico claro y la presi\u00f3n popular se hace sentir en cada rinc\u00f3n de La Bombonera.<\/p>\n\n\n\n<p>La falta de un plan integral, la improvisaci\u00f3n constante y la centralizaci\u00f3n de las decisiones en un solo nombre est\u00e1n llevando a Boca a una crisis total, donde ni los resultados ni la identidad parecen sostenerse. La m\u00edstica ya no alcanza, y Riquelme, \u00eddolo eterno, hoy enfrenta el mayor desaf\u00edo de su vida en azul y oro: demostrar que tambi\u00e9n sabe conducir un gigante como Boca fuera del campo de juego.<\/p>\n","protected":false},"excerpt":{"rendered":"<p>Por Coco Ram\u00f3n para CDT &#8211; La situaci\u00f3n institucional y deportiva de Boca Juniors atraviesa uno de los momentos m\u00e1s cr\u00edticos de los \u00faltimos a\u00f1os. A pesar del peso simb\u00f3lico&hellip; <\/p>\n","protected":false},"author":11,"featured_media":219698,"comment_status":"closed","ping_status":"open","sticky":false,"template":"","format":"standard","meta":{"footnotes":""},"categories":[4],"tags":[],"class_list":["post-219695","post","type-post","status-publish","format-standard","has-post-thumbnail","hentry","category-deportes"],"_links":{"self":[{"href":"https:\/\/corrientesdetarde.com\/index.php\/wp-json\/wp\/v2\/posts\/219695","targetHints":{"allow":["GET"]}}],"collection":[{"href":"https:\/\/corrientesdetarde.com\/index.php\/wp-json\/wp\/v2\/posts"}],"about":[{"href":"https:\/\/corrientesdetarde.com\/index.php\/wp-json\/wp\/v2\/types\/post"}],"author":[{"embeddable":true,"href":"https:\/\/corrientesdetarde.com\/index.php\/wp-json\/wp\/v2\/users\/11"}],"replies":[{"embeddable":true,"href":"https:\/\/corrientesdetarde.com\/index.php\/wp-json\/wp\/v2\/comments?post=219695"}],"version-history":[{"count":1,"href":"https:\/\/corrientesdetarde.com\/index.php\/wp-json\/wp\/v2\/posts\/219695\/revisions"}],"predecessor-version":[{"id":219699,"href":"https:\/\/corrientesdetarde.com\/index.php\/wp-json\/wp\/v2\/posts\/219695\/revisions\/219699"}],"wp:featuredmedia":[{"embeddable":true,"href":"https:\/\/corrientesdetarde.com\/index.php\/wp-json\/wp\/v2\/media\/219698"}],"wp:attachment":[{"href":"https:\/\/corrientesdetarde.com\/index.php\/wp-json\/wp\/v2\/media?parent=219695"}],"wp:term":[{"taxonomy":"category","embeddable":true,"href":"https:\/\/corrientesdetarde.com\/index.php\/wp-json\/wp\/v2\/categories?post=219695"},{"taxonomy":"post_tag","embeddable":true,"href":"https:\/\/corrientesdetarde.com\/index.php\/wp-json\/wp\/v2\/tags?post=219695"}],"curies":[{"name":"wp","href":"https:\/\/api.w.org\/{rel}","templated":true}]}}