{"id":219701,"date":"2025-07-30T13:38:00","date_gmt":"2025-07-30T16:38:00","guid":{"rendered":"https:\/\/corrientesdetarde.com\/?p=219701"},"modified":"2025-07-31T11:17:09","modified_gmt":"2025-07-31T14:17:09","slug":"firma-de-convenio-con-el-ifd-y-entrega-de-certificados-a-narradores-orales","status":"publish","type":"post","link":"https:\/\/corrientesdetarde.com\/index.php\/informacion-general\/firma-de-convenio-con-el-ifd-y-entrega-de-certificados-a-narradores-orales\/","title":{"rendered":"Firma de convenio con el IFD y entrega de certificados a narradores orales"},"content":{"rendered":"\n<p>En la ma\u00f1ana del mi\u00e9rcoles el vicegobernador Pedro Braillard Poccard firm\u00f3 un convenio marco con el Instituto de Formaci\u00f3n Docente Dr. Juan Pujol representado por su rectora Haide\u00e9 G\u00f3mez.<\/p>\n\n\n\n<p>El acuerdo tiene como objetivo establecer un marco regulatorio para promover la cooperaci\u00f3n y asistencia entre las dos entidades a trav\u00e9s de la implementaci\u00f3n de programas, proyectos y acciones conjuntas, que propendan desarrollar actividades en el campo de las tem\u00e1ticas del arte, la literatura, la educaci\u00f3n y fomentar en los estudiantes la posibilidad de hacer pasant\u00edas en las \u00e1reas vinculadas a la carrera.<\/p>\n\n\n\n<p>Al respecto la rectora del IFD agradeci\u00f3 en nombre de la comunidad educativa \u201cque nos tengan en cuenta, ya que todo lo suma en cuanto a capacitaci\u00f3n es bienvenido\u201d, asimismo, el Vicegobernador se\u00f1al\u00f3 la importancia de estos convenios y destac\u00f3 que hace varios a\u00f1os alumnos de la Escuela Regional realizan sus pasant\u00edas en el \u00e1rea de Cultura del Senado donde aprenden el trabajo que hay detr\u00e1s de un artista.<\/p>\n\n\n\n<p>Entrega de certificados a narradores orales<br>Seguidamente Braillard Poccard entreg\u00f3 certificados a narradores orales y descendientes de alemanes que participaron el 11 de junio del acto por el bicentenario de la inmigraci\u00f3n alemana a Argentina y la amistad entre ambas naciones que se llev\u00f3 a cabo en el Recinto de la Legislatura.<\/p>\n\n\n\n<p>Recibieron sus diplomas, Nicol\u00e1s Schell, Sonia B\u00e1ez Aranda, Esperanza Encinas, y Nilda Yaeger Bull\u00f3n, quienes relataron con sensibilidad en dicho evento los avatares de la inmigraci\u00f3n alemana ante el Vicegobernador, el Embajador de Alemania, Sr. Dieter Laml\u00e9, el c\u00f3nsul honorario de la Rep\u00fablica Federativa de Alemania Sr. Christian Kegler y el p\u00fablico presente. La presentaci\u00f3n art\u00edstica tuvo el nombre de \u201cTestimonios\u201d y fue coordinada por la profesora Mar\u00eda Silvia Pozo.<\/p>\n\n\n\n<p>Para cerrar Braillard Poccard felicit\u00f3 a los exponentes y expres\u00f3 que &#8220;honrar la historia no es mirar al pasado con nostalgia, sino con gratitud y compromiso. Porque quienes vinieron, nos dejaron el ejemplo de que con esfuerzo se puede hacer paria en cualquier rinc\u00f3n del mundo\u201d.<\/p>\n\n\n\n<figure class=\"wp-block-image size-large\"><img loading=\"lazy\" decoding=\"async\" width=\"1024\" height=\"682\" src=\"https:\/\/corrientesdetarde.com\/wp-content\/uploads\/2025\/07\/WhatsApp-Image-2025-07-30-at-13.23.11-1024x682.jpeg\" alt=\"\" class=\"wp-image-219703\" srcset=\"https:\/\/corrientesdetarde.com\/wp-content\/uploads\/2025\/07\/WhatsApp-Image-2025-07-30-at-13.23.11-1024x682.jpeg 1024w, https:\/\/corrientesdetarde.com\/wp-content\/uploads\/2025\/07\/WhatsApp-Image-2025-07-30-at-13.23.11-300x200.jpeg 300w, https:\/\/corrientesdetarde.com\/wp-content\/uploads\/2025\/07\/WhatsApp-Image-2025-07-30-at-13.23.11-768x512.jpeg 768w, https:\/\/corrientesdetarde.com\/wp-content\/uploads\/2025\/07\/WhatsApp-Image-2025-07-30-at-13.23.11.jpeg 1280w\" sizes=\"auto, (max-width: 1024px) 100vw, 1024px\" \/><\/figure>\n\n\n\n<figure class=\"wp-block-image size-large\"><img loading=\"lazy\" decoding=\"async\" width=\"1024\" height=\"682\" src=\"https:\/\/corrientesdetarde.com\/wp-content\/uploads\/2025\/07\/WhatsApp-Image-2025-07-30-at-13.23.10-1024x682.jpeg\" alt=\"\" class=\"wp-image-219702\" srcset=\"https:\/\/corrientesdetarde.com\/wp-content\/uploads\/2025\/07\/WhatsApp-Image-2025-07-30-at-13.23.10-1024x682.jpeg 1024w, https:\/\/corrientesdetarde.com\/wp-content\/uploads\/2025\/07\/WhatsApp-Image-2025-07-30-at-13.23.10-300x200.jpeg 300w, https:\/\/corrientesdetarde.com\/wp-content\/uploads\/2025\/07\/WhatsApp-Image-2025-07-30-at-13.23.10-768x512.jpeg 768w, https:\/\/corrientesdetarde.com\/wp-content\/uploads\/2025\/07\/WhatsApp-Image-2025-07-30-at-13.23.10.jpeg 1280w\" sizes=\"auto, (max-width: 1024px) 100vw, 1024px\" \/><\/figure>\n","protected":false},"excerpt":{"rendered":"<p>En la ma\u00f1ana del mi\u00e9rcoles el vicegobernador Pedro Braillard Poccard firm\u00f3 un convenio marco con el Instituto de Formaci\u00f3n Docente Dr. Juan Pujol representado por su rectora Haide\u00e9 G\u00f3mez. El&hellip; <\/p>\n","protected":false},"author":8,"featured_media":219706,"comment_status":"closed","ping_status":"open","sticky":false,"template":"","format":"standard","meta":{"footnotes":""},"categories":[1],"tags":[],"class_list":["post-219701","post","type-post","status-publish","format-standard","has-post-thumbnail","hentry","category-informacion-general"],"_links":{"self":[{"href":"https:\/\/corrientesdetarde.com\/index.php\/wp-json\/wp\/v2\/posts\/219701","targetHints":{"allow":["GET"]}}],"collection":[{"href":"https:\/\/corrientesdetarde.com\/index.php\/wp-json\/wp\/v2\/posts"}],"about":[{"href":"https:\/\/corrientesdetarde.com\/index.php\/wp-json\/wp\/v2\/types\/post"}],"author":[{"embeddable":true,"href":"https:\/\/corrientesdetarde.com\/index.php\/wp-json\/wp\/v2\/users\/8"}],"replies":[{"embeddable":true,"href":"https:\/\/corrientesdetarde.com\/index.php\/wp-json\/wp\/v2\/comments?post=219701"}],"version-history":[{"count":1,"href":"https:\/\/corrientesdetarde.com\/index.php\/wp-json\/wp\/v2\/posts\/219701\/revisions"}],"predecessor-version":[{"id":219707,"href":"https:\/\/corrientesdetarde.com\/index.php\/wp-json\/wp\/v2\/posts\/219701\/revisions\/219707"}],"wp:featuredmedia":[{"embeddable":true,"href":"https:\/\/corrientesdetarde.com\/index.php\/wp-json\/wp\/v2\/media\/219706"}],"wp:attachment":[{"href":"https:\/\/corrientesdetarde.com\/index.php\/wp-json\/wp\/v2\/media?parent=219701"}],"wp:term":[{"taxonomy":"category","embeddable":true,"href":"https:\/\/corrientesdetarde.com\/index.php\/wp-json\/wp\/v2\/categories?post=219701"},{"taxonomy":"post_tag","embeddable":true,"href":"https:\/\/corrientesdetarde.com\/index.php\/wp-json\/wp\/v2\/tags?post=219701"}],"curies":[{"name":"wp","href":"https:\/\/api.w.org\/{rel}","templated":true}]}}