{"id":219708,"date":"2025-07-30T13:40:01","date_gmt":"2025-07-30T16:40:01","guid":{"rendered":"https:\/\/corrientesdetarde.com\/?p=219708"},"modified":"2025-07-30T13:44:07","modified_gmt":"2025-07-30T16:44:07","slug":"la-comedia-llega-al-teatro-vera-de-la-mano-de-carmen-barbieri-y-luisa-albinoni-en-enemigas-intimas","status":"publish","type":"post","link":"https:\/\/corrientesdetarde.com\/index.php\/cultura\/la-comedia-llega-al-teatro-vera-de-la-mano-de-carmen-barbieri-y-luisa-albinoni-en-enemigas-intimas\/","title":{"rendered":"La comedia llega al Teatro Vera de la mano de Carmen Barbieri y Luisa Albinoni en \u201cEnemigas \u00edntimas\u201d"},"content":{"rendered":"\n<p>La obra llega al Teatro Oficial Juan de Vera el s\u00e1bado 16 de agosto, desde las 21.30&nbsp;convocando a dos grandes actrices y referentes del teatro, Carmen Barbieri y Luisa Albinoni en una trama humor\u00edstica, musical y emotiva. Las entradas ya est\u00e1n a la venta en&nbsp;<a href=\"http:\/\/weepas.ar\/\" target=\"_blank\" rel=\"noreferrer noopener\">weepas.ar<\/a><\/p>\n\n\n\n<p>El Teatro Oficial Juan de Vera, dependiente del Instituto de Cultura, anuncia la presentaci\u00f3n de la comedia teatral \u201cEnemigas \u00edntimas\u201d protagonizada por Luis Albinoni y Carmen Barbieri el s\u00e1bado 16 de agosto, desde las 21.30 hs.<\/p>\n\n\n\n<p><strong>Enemigas \u00cdntimas<\/strong><\/p>\n\n\n\n<p>Protagonizado por Carmen Barbieri y Luisa Albinoni, \u201cEnemigas \u00edntimas\u201d es un desopilante show de donde el humor, la m\u00fasica y la emoci\u00f3n se entrelazan con el brillo del espect\u00e1culo. Dos grandes divas del teatro de revista argentino se suben al escenario para contarse la vida&#8230; y cantarse las cuarenta.<\/p>\n\n\n\n<p>Entre an\u00e9cdotas explosivas, confesiones inesperadas y canciones memorables, Carmen y Luisa recrean con iron\u00eda y picard\u00eda los grandes momentos de sus trayectorias art\u00edsticas, amores, peleas, reconciliaciones y ese v\u00ednculo \u00fanico que solo pueden tener dos enemigas \u00edntimas.<\/p>\n\n\n\n<p>Con un vestuario deslumbrante, mucho glamour y un humor filoso, este espect\u00e1culo celebra la amistad, la rivalidad y la pasi\u00f3n por el teatro. Risas, emoci\u00f3n en una noche inolvidable propone la obra dirigida por Gustavo Enrietti, con m\u00fasica de Dany Vila.<\/p>\n\n\n\n<p>Las entradas ya est\u00e1n a la venta en la ticketera local&nbsp;<a href=\"http:\/\/weepas.ar\/\" target=\"_blank\" rel=\"noreferrer noopener\">weepas.ar<\/a>&nbsp;y pueden adquirirse con tarjetas de d\u00e9bito, cr\u00e9dito y mediantes transferencias desde billeteras virtuales en&nbsp;<a href=\"https:\/\/4ue34.r.sp1-brevo.net\/mk\/cl\/f\/sh\/6rqJfgq8dINmNvd2HB7mP7OK8Ju\/EGY-qXCjduM0\" target=\"_blank\" rel=\"noreferrer noopener\">https:\/\/tinyurl.com\/3dujm4rd<\/a><\/p>\n\n\n\n<p>Cabe recordar que durante agosto, la programaci\u00f3n ideada desde el Teatro Oficial Juan de Vera bajo direcci\u00f3n de Lourdes S\u00e1nchez, prev\u00e9 conciertos y obras infantiles, con Los Alonsitos \u201c40 a\u00f1os\u201d el s\u00e1bado 23 de agosto y dos funciones de la obra infantil \u201cCantando con Adriana y Bailando con Julieta\u201d el domingo 24 de agosto, a las 15 y 18.<\/p>\n\n\n\n<p><\/p>\n","protected":false},"excerpt":{"rendered":"<p>La obra llega al Teatro Oficial Juan de Vera el s\u00e1bado 16 de agosto, desde las 21.30&nbsp;convocando a dos grandes actrices y referentes del teatro, Carmen Barbieri y Luisa Albinoni&hellip; <\/p>\n","protected":false},"author":8,"featured_media":219709,"comment_status":"closed","ping_status":"open","sticky":false,"template":"","format":"standard","meta":{"footnotes":""},"categories":[15],"tags":[],"class_list":["post-219708","post","type-post","status-publish","format-standard","has-post-thumbnail","hentry","category-cultura"],"_links":{"self":[{"href":"https:\/\/corrientesdetarde.com\/index.php\/wp-json\/wp\/v2\/posts\/219708","targetHints":{"allow":["GET"]}}],"collection":[{"href":"https:\/\/corrientesdetarde.com\/index.php\/wp-json\/wp\/v2\/posts"}],"about":[{"href":"https:\/\/corrientesdetarde.com\/index.php\/wp-json\/wp\/v2\/types\/post"}],"author":[{"embeddable":true,"href":"https:\/\/corrientesdetarde.com\/index.php\/wp-json\/wp\/v2\/users\/8"}],"replies":[{"embeddable":true,"href":"https:\/\/corrientesdetarde.com\/index.php\/wp-json\/wp\/v2\/comments?post=219708"}],"version-history":[{"count":2,"href":"https:\/\/corrientesdetarde.com\/index.php\/wp-json\/wp\/v2\/posts\/219708\/revisions"}],"predecessor-version":[{"id":219721,"href":"https:\/\/corrientesdetarde.com\/index.php\/wp-json\/wp\/v2\/posts\/219708\/revisions\/219721"}],"wp:featuredmedia":[{"embeddable":true,"href":"https:\/\/corrientesdetarde.com\/index.php\/wp-json\/wp\/v2\/media\/219709"}],"wp:attachment":[{"href":"https:\/\/corrientesdetarde.com\/index.php\/wp-json\/wp\/v2\/media?parent=219708"}],"wp:term":[{"taxonomy":"category","embeddable":true,"href":"https:\/\/corrientesdetarde.com\/index.php\/wp-json\/wp\/v2\/categories?post=219708"},{"taxonomy":"post_tag","embeddable":true,"href":"https:\/\/corrientesdetarde.com\/index.php\/wp-json\/wp\/v2\/tags?post=219708"}],"curies":[{"name":"wp","href":"https:\/\/api.w.org\/{rel}","templated":true}]}}