{"id":219737,"date":"2025-07-30T13:53:56","date_gmt":"2025-07-30T16:53:56","guid":{"rendered":"https:\/\/corrientesdetarde.com\/?p=219737"},"modified":"2025-07-30T13:54:00","modified_gmt":"2025-07-30T16:54:00","slug":"salud-publica-invita-a-la-1ra-jornada-de-enfermedades-poco-frecuentes","status":"publish","type":"post","link":"https:\/\/corrientesdetarde.com\/index.php\/bienestar-y-salud\/salud-publica-invita-a-la-1ra-jornada-de-enfermedades-poco-frecuentes\/","title":{"rendered":"Salud P\u00fablica invita a la 1ra jornada de Enfermedades Poco Frecuentes"},"content":{"rendered":"\n<p>El Ministerio de Salud P\u00fablica, a cargo de Ricardo Cardozo, invita a la 1ra Jornada de EPOF por un Diagn\u00f3stico a Tiempo en Enfermedades Poco Frecuentes. Ser\u00e1 el viernes 1 de agosto a las 9 en el Auditorio Juli\u00e1n Zini.&nbsp;<br>La actividad, organiza la Direcci\u00f3n de Telesalud y EPOF que coordina Patricia G\u00f3mez de la Fuente, cumpliendo con los objetivos propuestos de concientizaci\u00f3n y capacitaci\u00f3n espec\u00edfica a los equipos de salud por un diagn\u00f3stico temprano.<br>Esto se da en el marco del Programa Provincial de Enfermedades Poco frecuentes y del Programa Abordaje Integral de las Enfermedades Poco Frecuentes y, en vistas de la creaci\u00f3n del Centro de Gen\u00e9tica de la Provincia (CEGENCOR). Habr\u00e1 3 m\u00f3dulos, los siguientes dos ser\u00e1n el 4 y 19 de septiembre con un grupo de disertantes de renombre internacional.&nbsp;<br>Cabe se\u00f1alar que, al inicio de la jornada de este viernes, se dar\u00e1 a conocer el marco introductorio al Centro de Gen\u00e9tica. Seguidamente, la doctora Romina Armando hablar\u00e1 sobre las EPOF y la importancia de la consulta con gen\u00e9tica. &nbsp;<br>A su vez, la doctora Amanda Ben\u00edtez expondr\u00e1 sobre \u201cEl peso invisible de los dep\u00f3sitos celulares: Entendiendo la Mucopolisac\u00e1ridos\u201d.<br>Al mediod\u00eda, est\u00e1 previsto que se trate \u201cM\u00e1s all\u00e1 de la estatura: Perspectivas sobre la Acondroplasia\u201d y \u201cFragilidad \u00f3sea en la infancia: Explorando el Raquitismo\u201d.&nbsp;<br>Otra disertaci\u00f3n ser\u00e1 \u201cEl genetista en el consultorio: desarrollo de casos cl\u00ednicos\u201d por el doctor Lorenzo Zalazar. Luego, se hablar\u00e1 sobre \u201cLa voz de los pacientes: video con relatos que nos acerca a lo invisible\u201d.<\/p>\n\n\n\n<figure class=\"wp-block-image size-large\"><img loading=\"lazy\" decoding=\"async\" width=\"724\" height=\"1024\" src=\"https:\/\/corrientesdetarde.com\/wp-content\/uploads\/2025\/07\/image-1004-724x1024.png\" alt=\"\" class=\"wp-image-219738\" srcset=\"https:\/\/corrientesdetarde.com\/wp-content\/uploads\/2025\/07\/image-1004-724x1024.png 724w, https:\/\/corrientesdetarde.com\/wp-content\/uploads\/2025\/07\/image-1004-212x300.png 212w, https:\/\/corrientesdetarde.com\/wp-content\/uploads\/2025\/07\/image-1004-768x1086.png 768w, https:\/\/corrientesdetarde.com\/wp-content\/uploads\/2025\/07\/image-1004-1086x1536.png 1086w, https:\/\/corrientesdetarde.com\/wp-content\/uploads\/2025\/07\/image-1004.png 1131w\" sizes=\"auto, (max-width: 724px) 100vw, 724px\" \/><\/figure>\n","protected":false},"excerpt":{"rendered":"<p>El Ministerio de Salud P\u00fablica, a cargo de Ricardo Cardozo, invita a la 1ra Jornada de EPOF por un Diagn\u00f3stico a Tiempo en Enfermedades Poco Frecuentes. Ser\u00e1 el viernes 1&hellip; <\/p>\n","protected":false},"author":8,"featured_media":219738,"comment_status":"closed","ping_status":"open","sticky":false,"template":"","format":"standard","meta":{"footnotes":""},"categories":[16],"tags":[],"class_list":["post-219737","post","type-post","status-publish","format-standard","has-post-thumbnail","hentry","category-bienestar-y-salud"],"_links":{"self":[{"href":"https:\/\/corrientesdetarde.com\/index.php\/wp-json\/wp\/v2\/posts\/219737","targetHints":{"allow":["GET"]}}],"collection":[{"href":"https:\/\/corrientesdetarde.com\/index.php\/wp-json\/wp\/v2\/posts"}],"about":[{"href":"https:\/\/corrientesdetarde.com\/index.php\/wp-json\/wp\/v2\/types\/post"}],"author":[{"embeddable":true,"href":"https:\/\/corrientesdetarde.com\/index.php\/wp-json\/wp\/v2\/users\/8"}],"replies":[{"embeddable":true,"href":"https:\/\/corrientesdetarde.com\/index.php\/wp-json\/wp\/v2\/comments?post=219737"}],"version-history":[{"count":1,"href":"https:\/\/corrientesdetarde.com\/index.php\/wp-json\/wp\/v2\/posts\/219737\/revisions"}],"predecessor-version":[{"id":219739,"href":"https:\/\/corrientesdetarde.com\/index.php\/wp-json\/wp\/v2\/posts\/219737\/revisions\/219739"}],"wp:featuredmedia":[{"embeddable":true,"href":"https:\/\/corrientesdetarde.com\/index.php\/wp-json\/wp\/v2\/media\/219738"}],"wp:attachment":[{"href":"https:\/\/corrientesdetarde.com\/index.php\/wp-json\/wp\/v2\/media?parent=219737"}],"wp:term":[{"taxonomy":"category","embeddable":true,"href":"https:\/\/corrientesdetarde.com\/index.php\/wp-json\/wp\/v2\/categories?post=219737"},{"taxonomy":"post_tag","embeddable":true,"href":"https:\/\/corrientesdetarde.com\/index.php\/wp-json\/wp\/v2\/tags?post=219737"}],"curies":[{"name":"wp","href":"https:\/\/api.w.org\/{rel}","templated":true}]}}