{"id":219740,"date":"2025-07-30T13:56:35","date_gmt":"2025-07-30T16:56:35","guid":{"rendered":"https:\/\/corrientesdetarde.com\/?p=219740"},"modified":"2025-07-30T13:56:39","modified_gmt":"2025-07-30T16:56:39","slug":"tassano-lanzo-concurso-para-jovenes-emprendedores-trabajamos-para-que-tengan-oportunidades-en-su-tierra","status":"publish","type":"post","link":"https:\/\/corrientesdetarde.com\/index.php\/sociales\/tassano-lanzo-concurso-para-jovenes-emprendedores-trabajamos-para-que-tengan-oportunidades-en-su-tierra\/","title":{"rendered":"Tassano lanz\u00f3 concurso para j\u00f3venes emprendedores: \u201cTrabajamos para que tengan oportunidades en su tierra\u201d"},"content":{"rendered":"\n<p>Ratific\u00e1ndola como una de las principales propuestas municipales para incentivar a un sector en permanente crecimiento, con la presentaci\u00f3n de proyectos innovadores y brind\u00e1ndole herramientas para el desarrollo de sus iniciativas, en la ma\u00f1ana de este mi\u00e9rcoles se lanz\u00f3 la 4ta. edici\u00f3n del concurso J\u00f3venes Emprendedores.<\/p>\n\n\n\n<p>El acto de presentaci\u00f3n de las caracter\u00edsticas de esta iniciativa, pautas de participaci\u00f3n y premios, estuvo encabezado por el intendente Eduardo Tassano, acompa\u00f1ado por el actual ministro de Obras P\u00fablicas de la Provincia y candidato a sucederlo por Vamos Corrientes, Claudio Polich.<br>En el encuentro llevado a cabo en la sede de la Asociaci\u00f3n de la Producci\u00f3n, Industria y Comercio de Corrientes (Apicc), se hizo entrega, adem\u00e1s, de Aportes No Reintegrables (ANR) a los participantes del&nbsp;<em>Pitch Day<\/em>&nbsp;y de certificados de finalizaci\u00f3n de las capacitaciones \u201cRegistra Simple\u201d y Registro PUPA.<br><br>PROPUESTA<br>El concurso para j\u00f3venes emprendedores es organizado por la Municipalidad de Corrientes y est\u00e1 dirigido a personas de entre 18 y 29 a\u00f1os involucrados en diferentes tipos de emprendimientos, seg\u00fan se inform\u00f3 desde la Subsecretar\u00eda de Pymes y Emprendedores, de la Secretar\u00eda de Desarrollo Econ\u00f3mico municipal, que tiene a su cargo del programa.<br>El concurso, que constar\u00e1 de varias etapas, premiar\u00e1 a los ganadores con aportes no reembolsables para adquirir bienes de capital. En este caso, los premios ser\u00e1n de $850.000, $650.000 y $450.000.<br>La inscripci\u00f3n ya est\u00e1 disponible en la plataforma web del Municipio.<br><br>QUEDARSE<br>\u201cCon mucha emoci\u00f3n estamos viviendo este nuevo escenario para apoyar a los j\u00f3venes\u201d, se\u00f1al\u00f3 el intendente al remarcar la importancia de la gesti\u00f3n en respaldar el emprendedurismo en la ciudad.<br>En ese sentido, se\u00f1al\u00f3 que \u201cbuscamos apoyar las iniciativas de los correntinos y de los m\u00e1s j\u00f3venes y vemos con satisfacci\u00f3n que los chicos y chicas se queden en Corrientes. Por ello, trabajamos para que tengan oportunidades en su tierra\u201d, remarc\u00f3.<br><br>APUESTA AL FUTURO<br>En tanto, el candidato a intendente de la ciudad, Claudio Polich sostuvo que \u201cvemos un buen trabajo por parte de la gesti\u00f3n municipal actual\u201d ya que \u201ces importante acompa\u00f1ar a los j\u00f3venes y emprendimientos locales porque entendemos que las empresas necesitan una mano por parte del Estado\u201d.<br>As\u00ed, brind\u00f3 un mensaje para los que emprenden en la ciudad inst\u00e1ndolos a \u201cseguir insistiendo para conseguir el \u00e9xito\u201d.<br><br>APOYO MUNICIPAL<br>Por su parte, Francisco Ingaramo, secretario de Desarrollo Econ\u00f3mico del Municipio, tambi\u00e9n destac\u00f3 esta apuesta municipal para los j\u00f3venes emprendedores y marc\u00f3, adem\u00e1s, la importancia de los espacios creados por la Municipalidad para el sector en general, como Ciudad Dise\u00f1o y ferias en diferentes barrios, donde los emprendedores pueden mostrar sus productos a vecinos y turistas.<br><br>PARTICIPANTES<br>Asimismo, D\u00e9bora Godoy Facal, una joven emprendedora y dise\u00f1adora local, destac\u00f3 su experiencia de patentamiento de la marca de su emprendimiento y destac\u00f3 el aporte y apoyo por parte del Municipio de la mano del programa \u201cPatentamiento de tu marca\u201d que hizo posible su demanda, e invit\u00f3 a m\u00e1s j\u00f3venes a sumarse a estas iniciativas.<\/p>\n\n\n\n<figure class=\"wp-block-embed is-type-video is-provider-youtube wp-block-embed-youtube wp-embed-aspect-16-9 wp-has-aspect-ratio\"><div class=\"wp-block-embed__wrapper\">\n<iframe loading=\"lazy\" title=\"Tassano lanz\u00f3 concurso para j\u00f3venes emprendedores: &quot;Queremos que tengan oportunidades en su tierra&quot;\" width=\"1110\" height=\"624\" src=\"https:\/\/www.youtube.com\/embed\/z-y0hHXQvbM?feature=oembed\" frameborder=\"0\" allow=\"accelerometer; autoplay; clipboard-write; encrypted-media; gyroscope; picture-in-picture; web-share\" referrerpolicy=\"strict-origin-when-cross-origin\" allowfullscreen><\/iframe>\n<\/div><\/figure>\n\n\n\n<figure class=\"wp-block-image size-large\"><img loading=\"lazy\" decoding=\"async\" width=\"1024\" height=\"682\" src=\"https:\/\/corrientesdetarde.com\/wp-content\/uploads\/2025\/07\/image-1005-1024x682.png\" alt=\"\" class=\"wp-image-219741\" srcset=\"https:\/\/corrientesdetarde.com\/wp-content\/uploads\/2025\/07\/image-1005-1024x682.png 1024w, https:\/\/corrientesdetarde.com\/wp-content\/uploads\/2025\/07\/image-1005-300x200.png 300w, https:\/\/corrientesdetarde.com\/wp-content\/uploads\/2025\/07\/image-1005-768x512.png 768w, https:\/\/corrientesdetarde.com\/wp-content\/uploads\/2025\/07\/image-1005.png 1280w\" sizes=\"auto, (max-width: 1024px) 100vw, 1024px\" \/><\/figure>\n\n\n\n<figure class=\"wp-block-image size-large\"><img loading=\"lazy\" decoding=\"async\" width=\"1024\" height=\"682\" src=\"https:\/\/corrientesdetarde.com\/wp-content\/uploads\/2025\/07\/image-1006-1024x682.png\" alt=\"\" class=\"wp-image-219742\" srcset=\"https:\/\/corrientesdetarde.com\/wp-content\/uploads\/2025\/07\/image-1006-1024x682.png 1024w, https:\/\/corrientesdetarde.com\/wp-content\/uploads\/2025\/07\/image-1006-300x200.png 300w, https:\/\/corrientesdetarde.com\/wp-content\/uploads\/2025\/07\/image-1006-768x512.png 768w, https:\/\/corrientesdetarde.com\/wp-content\/uploads\/2025\/07\/image-1006.png 1280w\" sizes=\"auto, (max-width: 1024px) 100vw, 1024px\" \/><\/figure>\n\n\n\n<figure class=\"wp-block-image size-large\"><img loading=\"lazy\" decoding=\"async\" width=\"1024\" height=\"682\" src=\"https:\/\/corrientesdetarde.com\/wp-content\/uploads\/2025\/07\/image-1007-1024x682.png\" alt=\"\" class=\"wp-image-219743\" srcset=\"https:\/\/corrientesdetarde.com\/wp-content\/uploads\/2025\/07\/image-1007-1024x682.png 1024w, https:\/\/corrientesdetarde.com\/wp-content\/uploads\/2025\/07\/image-1007-300x200.png 300w, https:\/\/corrientesdetarde.com\/wp-content\/uploads\/2025\/07\/image-1007-768x512.png 768w, https:\/\/corrientesdetarde.com\/wp-content\/uploads\/2025\/07\/image-1007.png 1280w\" sizes=\"auto, (max-width: 1024px) 100vw, 1024px\" \/><\/figure>\n\n\n\n<figure class=\"wp-block-image size-large\"><img loading=\"lazy\" decoding=\"async\" width=\"1024\" height=\"682\" src=\"https:\/\/corrientesdetarde.com\/wp-content\/uploads\/2025\/07\/image-1008-1024x682.png\" alt=\"\" class=\"wp-image-219744\" srcset=\"https:\/\/corrientesdetarde.com\/wp-content\/uploads\/2025\/07\/image-1008-1024x682.png 1024w, https:\/\/corrientesdetarde.com\/wp-content\/uploads\/2025\/07\/image-1008-300x200.png 300w, https:\/\/corrientesdetarde.com\/wp-content\/uploads\/2025\/07\/image-1008-768x512.png 768w, https:\/\/corrientesdetarde.com\/wp-content\/uploads\/2025\/07\/image-1008.png 1280w\" sizes=\"auto, (max-width: 1024px) 100vw, 1024px\" \/><\/figure>\n","protected":false},"excerpt":{"rendered":"<p>Ratific\u00e1ndola como una de las principales propuestas municipales para incentivar a un sector en permanente crecimiento, con la presentaci\u00f3n de proyectos innovadores y brind\u00e1ndole herramientas para el desarrollo de sus&hellip; <\/p>\n","protected":false},"author":8,"featured_media":219741,"comment_status":"closed","ping_status":"open","sticky":false,"template":"","format":"standard","meta":{"footnotes":""},"categories":[17],"tags":[],"class_list":["post-219740","post","type-post","status-publish","format-standard","has-post-thumbnail","hentry","category-sociales"],"_links":{"self":[{"href":"https:\/\/corrientesdetarde.com\/index.php\/wp-json\/wp\/v2\/posts\/219740","targetHints":{"allow":["GET"]}}],"collection":[{"href":"https:\/\/corrientesdetarde.com\/index.php\/wp-json\/wp\/v2\/posts"}],"about":[{"href":"https:\/\/corrientesdetarde.com\/index.php\/wp-json\/wp\/v2\/types\/post"}],"author":[{"embeddable":true,"href":"https:\/\/corrientesdetarde.com\/index.php\/wp-json\/wp\/v2\/users\/8"}],"replies":[{"embeddable":true,"href":"https:\/\/corrientesdetarde.com\/index.php\/wp-json\/wp\/v2\/comments?post=219740"}],"version-history":[{"count":1,"href":"https:\/\/corrientesdetarde.com\/index.php\/wp-json\/wp\/v2\/posts\/219740\/revisions"}],"predecessor-version":[{"id":219745,"href":"https:\/\/corrientesdetarde.com\/index.php\/wp-json\/wp\/v2\/posts\/219740\/revisions\/219745"}],"wp:featuredmedia":[{"embeddable":true,"href":"https:\/\/corrientesdetarde.com\/index.php\/wp-json\/wp\/v2\/media\/219741"}],"wp:attachment":[{"href":"https:\/\/corrientesdetarde.com\/index.php\/wp-json\/wp\/v2\/media?parent=219740"}],"wp:term":[{"taxonomy":"category","embeddable":true,"href":"https:\/\/corrientesdetarde.com\/index.php\/wp-json\/wp\/v2\/categories?post=219740"},{"taxonomy":"post_tag","embeddable":true,"href":"https:\/\/corrientesdetarde.com\/index.php\/wp-json\/wp\/v2\/tags?post=219740"}],"curies":[{"name":"wp","href":"https:\/\/api.w.org\/{rel}","templated":true}]}}