{"id":21979,"date":"2022-11-23T09:34:11","date_gmt":"2022-11-23T12:34:11","guid":{"rendered":"https:\/\/corrientesdetarde.com\/?p=21979"},"modified":"2022-11-23T09:34:14","modified_gmt":"2022-11-23T12:34:14","slug":"la-gavilan-presentara-su-primer-disco-lo-que-dice-la-gente","status":"publish","type":"post","link":"https:\/\/corrientesdetarde.com\/index.php\/cultura\/la-gavilan-presentara-su-primer-disco-lo-que-dice-la-gente\/","title":{"rendered":"La Gavil\u00e1n presentar\u00e1 su primer disco \u201cLo que dice la gente&#8221;"},"content":{"rendered":"\n<p>El espect\u00e1culo ser\u00e1 el 26 de noviembre y contar\u00e1 con varios invitados de alta talla.\u00a0\u00a0<\/p>\n\n\n\n<p>La banda de cumbia chaque\u00f1a La Gavil\u00e1n estrenar\u00e1 su primer disco \u201cLo que dice la gente\u201d el 26 de noviembre a las 21 en el Centro Cultural Alternativo (Cecual) de Resistencia. Ser\u00e1 un espect\u00e1culo entretenido y con muchos invitados. &nbsp;<\/p>\n\n\n\n<p>En este primer a\u00f1o de defender su repertorio propio en la regi\u00f3n litoral, por La Gavil\u00e1n pasaron varios m\u00fasicos de gran trayectoria como: \u201cChocolo\u201d Rom\u00e1n, Patricio Hermosilla, Juan Mora, Mauro Bonamino, entre otros. Hoy la banda tiene a Germ\u00e1n Kalber como cantante, Dicki G\u00f3mez en bajo y direcci\u00f3n, \u201cPucho\u201d Encinas y Bruno Gonz\u00e1lez en percusi\u00f3n, Lucas Monz\u00f3n en acorde\u00f3n y Maxi Galarza en piano.<\/p>\n\n\n\n<p>La banda se caracteriza por la originalidad en sus canciones, nuevas cumbias con ra\u00edz en muchas tradiciones, una mirada refrescante desde las composiciones y una propuesta art\u00edstico musical de un grupo de talentosos se gest\u00f3 durante la pandemia en Chaco bajo el nombre de La Gavil\u00e1n, basado en composiciones originales de Coqui Ortiz.&nbsp;<\/p>\n\n\n\n<p>En ese entonces, Ortiz manifestaba: \u201cEl capit\u00e1n del barco es Dicky G\u00f3mez con quien me une una amistad de m\u00e1s de 20 a\u00f1os y fue de los primeros c\u00f3mplices que encontr\u00e9 para llevar adelante mi proyecto. Bajista de alto vuelo que nunca dej\u00f3 de crecer con su instrumento y en el universo de la m\u00fasica, viene de una cuna bien de pueblo. De una casa de guitarreros y cantores. De hermanos que aman la m\u00fasica tanto como las barriadas y las expresiones m\u00e1s populares\u201d. La formaci\u00f3n inicial de la banda se completaba con Germ\u00e1n Kalber, Patricio Hermosilla, Maxi Galarza, Mauro Bonamino, Bruno Gonz\u00e1lez y Chocolo Roman.&nbsp;<\/p>\n\n\n\n<p>En ese camino de buscar una voz propia, La Gavil\u00e1n surge en septiembre de 2021, estrenando su primer videoclip de \u201cEl grillo y la mariposa\u201d, al mismo tiempo que mezclaba su primer disco.&nbsp;<\/p>\n\n\n\n<p>El debut en vivo de la banda se produjo un 2 de octubre de 2021 en el Parque 2 de Febrero de la ciudad de Resistencia, a la vez que lanzaban tres singles en plataformas virtuales: \u201cEl grillo y la mariposa\u201d, \u201cMovimiento\u201d y \u201cSon para ti\u201d.&nbsp;<\/p>\n\n\n\n<p>Posteriormente y con la vuelta a la m\u00fasica en vivo, La Gavil\u00e1n telone\u00f3 a Los Totora en Resistencia, realizando su primera fiesta cumbiera en el Cecual en el mes de noviembre de 2021 para luego recorrer el interior chaque\u00f1o con diversos conciertos. Arrancando el 2022, La Gavil\u00e1n se sum\u00f3 a la revista regional \u201cEl virus no tiene corona\u201d en la temporada estival en Paso de la Patria, ganando visibilidad ante el p\u00fablico de la regi\u00f3n, adem\u00e1s de presentarse en el Festival Nacional del Taninero y Fiesta Provincial del Chamame en Puerto Tirol.&nbsp;<\/p>\n\n\n\n<p>En mayo de este a\u00f1o telonearon a La Delio Valdez en Corrientes, grabando en vivo su presentaci\u00f3n ante una audiencia multitudinaria. Promediando el a\u00f1o, llegaron al escenario grande de la Bienal de Esculturas 2022 en Resistencia..&nbsp;<\/p>\n\n\n\n<p>Pasado el invierno, la banda sigue de gira con la obra \u201cEl virus no tiene corona\u201d ganando territorio en el interior provincial y en septiembre lanzan su primer disco \u201cLo que dice la gente\u201d en tiendas virtuales. Este 26 de noviembre el p\u00fablico de la regi\u00f3n podr\u00e1 disfrutar del disco en vivo, en Resistencia.&nbsp;<\/p>\n\n\n\n<p>La Gavil\u00e1n hoy&nbsp;<\/p>\n\n\n\n<p>La banda est\u00e1 dirigida musicalmente por el bajista \u201cDicki\u201d G\u00f3mez, m\u00fasico que incursion\u00f3 en varios g\u00e9neros como lat\u00edn jazz, folclore, chamam\u00e9 y que, por varios a\u00f1os destaca por su trabajo junto Mat\u00edas Sotelo y Los Continuados.&nbsp;<\/p>\n\n\n\n<p>En la voz principal, \u201cfrontman\u201d de La Gavil\u00e1n, se suma el gran cantante, compositor, productor y docente charatense, Germ\u00e1n Kalber. Con varios discos propios en su haber, Kalber pone todo el talento, colorido y trayectoria para darle a las canciones de la banda un temperamento propio.&nbsp;<\/p>\n\n\n\n<p>En acorde\u00f3n se sum\u00f3 Lucas Monz\u00f3n, y la solvencia del percusionista Bruno Gonz\u00e1lez y el baterista correntino \u201cPucho\u201d Encinas. Esa sesi\u00f3n r\u00edtmica se completa con el piano de Maxi Galarza &nbsp;<\/p>\n\n\n\n<p>Los invitados especiales para esta presentaci\u00f3n incluyen a Coqui Ortiz, el flautista Luis Barbiero, Kitu Genez, Bloco Girasoles, Patri Hermosilla, Juan Mora, Roberto y Luis Piedrabuena, en la danza Belem Ortiz, Eli Terraza y Facundo Perez. &nbsp;<\/p>\n\n\n\n<p>Las entradas ya est\u00e1n a la venta en la ticketera www.butacauno.com&nbsp;<\/p>\n","protected":false},"excerpt":{"rendered":"<p>El espect\u00e1culo ser\u00e1 el 26 de noviembre y contar\u00e1 con varios invitados de alta talla.\u00a0\u00a0 La banda de cumbia chaque\u00f1a La Gavil\u00e1n estrenar\u00e1 su primer disco \u201cLo que dice la&hellip; <\/p>\n","protected":false},"author":4,"featured_media":21980,"comment_status":"closed","ping_status":"open","sticky":false,"template":"","format":"standard","meta":{"footnotes":""},"categories":[15],"tags":[],"class_list":["post-21979","post","type-post","status-publish","format-standard","has-post-thumbnail","hentry","category-cultura"],"_links":{"self":[{"href":"https:\/\/corrientesdetarde.com\/index.php\/wp-json\/wp\/v2\/posts\/21979","targetHints":{"allow":["GET"]}}],"collection":[{"href":"https:\/\/corrientesdetarde.com\/index.php\/wp-json\/wp\/v2\/posts"}],"about":[{"href":"https:\/\/corrientesdetarde.com\/index.php\/wp-json\/wp\/v2\/types\/post"}],"author":[{"embeddable":true,"href":"https:\/\/corrientesdetarde.com\/index.php\/wp-json\/wp\/v2\/users\/4"}],"replies":[{"embeddable":true,"href":"https:\/\/corrientesdetarde.com\/index.php\/wp-json\/wp\/v2\/comments?post=21979"}],"version-history":[{"count":1,"href":"https:\/\/corrientesdetarde.com\/index.php\/wp-json\/wp\/v2\/posts\/21979\/revisions"}],"predecessor-version":[{"id":21981,"href":"https:\/\/corrientesdetarde.com\/index.php\/wp-json\/wp\/v2\/posts\/21979\/revisions\/21981"}],"wp:featuredmedia":[{"embeddable":true,"href":"https:\/\/corrientesdetarde.com\/index.php\/wp-json\/wp\/v2\/media\/21980"}],"wp:attachment":[{"href":"https:\/\/corrientesdetarde.com\/index.php\/wp-json\/wp\/v2\/media?parent=21979"}],"wp:term":[{"taxonomy":"category","embeddable":true,"href":"https:\/\/corrientesdetarde.com\/index.php\/wp-json\/wp\/v2\/categories?post=21979"},{"taxonomy":"post_tag","embeddable":true,"href":"https:\/\/corrientesdetarde.com\/index.php\/wp-json\/wp\/v2\/tags?post=21979"}],"curies":[{"name":"wp","href":"https:\/\/api.w.org\/{rel}","templated":true}]}}