{"id":219825,"date":"2025-07-30T21:06:05","date_gmt":"2025-07-31T00:06:05","guid":{"rendered":"https:\/\/corrientesdetarde.com\/?p=219825"},"modified":"2025-07-30T21:06:44","modified_gmt":"2025-07-31T00:06:44","slug":"buscan-a-una-adolescente-de-15-anos-desaparecida-en-corrientes","status":"publish","type":"post","link":"https:\/\/corrientesdetarde.com\/index.php\/sociales\/buscan-a-una-adolescente-de-15-anos-desaparecida-en-corrientes\/","title":{"rendered":"Buscan a una adolescente de 15 a\u00f1os desaparecida en Corrientes"},"content":{"rendered":"\n<p>Natalia Soledad Lima fue vista por \u00faltima vez el 28 de julio. La Polic\u00eda pide colaboraci\u00f3n para dar con su paradero.<\/p>\n\n\n\n<figure class=\"wp-block-image size-full\"><img loading=\"lazy\" decoding=\"async\" width=\"278\" height=\"398\" src=\"https:\/\/corrientesdetarde.com\/wp-content\/uploads\/2025\/07\/image-1035.png\" alt=\"\" class=\"wp-image-219826\" srcset=\"https:\/\/corrientesdetarde.com\/wp-content\/uploads\/2025\/07\/image-1035.png 278w, https:\/\/corrientesdetarde.com\/wp-content\/uploads\/2025\/07\/image-1035-210x300.png 210w\" sizes=\"auto, (max-width: 278px) 100vw, 278px\" \/><\/figure>\n\n\n\n<p>La Polic\u00eda de Corrientes lanz\u00f3 una solicitud de colaboraci\u00f3n para dar con el paradero de Natalia Soledad Lima, una adolescente de 15 a\u00f1os que se encuentra desaparecida desde la tarde del lunes 28 de julio.<\/p>\n\n\n\n<p>La denuncia fue realizada por un familiar en la Comisar\u00eda Segunda de la Mujer y el Menor. Seg\u00fan el reporte oficial, la menor se ausent\u00f3 de su hogar y desde entonces no se tienen noticias sobre su ubicaci\u00f3n. El caso est\u00e1 siendo intervenido por el juzgado en turno.<\/p>\n\n\n\n<p>Natalia es de tez blanca, mide aproximadamente 1,50 metros, tiene ojos marrones y cabello casta\u00f1o largo hasta los hombros. Al momento de su desaparici\u00f3n vest\u00eda el uniforme escolar: pantal\u00f3n y buzo azul, campera rosado viejo y zapatillas negras.<\/p>\n\n\n\n<p>Desde la Polic\u00eda solicitaron a la comunidad que cualquier informaci\u00f3n que pueda ayudar a encontrarla sea comunicada a la Comisar\u00eda Segunda de la Mujer y el Menor (tel\u00e9fono 3794-484651), a la dependencia policial m\u00e1s cercana, o a trav\u00e9s del Sistema Integral de Seguridad al 911 (en Capital) y 101 (en el interior provincial).<\/p>\n","protected":false},"excerpt":{"rendered":"<p>Natalia Soledad Lima fue vista por \u00faltima vez el 28 de julio. La Polic\u00eda pide colaboraci\u00f3n para dar con su paradero. La Polic\u00eda de Corrientes lanz\u00f3 una solicitud de colaboraci\u00f3n&hellip; <\/p>\n","protected":false},"author":4,"featured_media":219827,"comment_status":"closed","ping_status":"open","sticky":false,"template":"","format":"standard","meta":{"footnotes":""},"categories":[17],"tags":[],"class_list":["post-219825","post","type-post","status-publish","format-standard","has-post-thumbnail","hentry","category-sociales"],"_links":{"self":[{"href":"https:\/\/corrientesdetarde.com\/index.php\/wp-json\/wp\/v2\/posts\/219825","targetHints":{"allow":["GET"]}}],"collection":[{"href":"https:\/\/corrientesdetarde.com\/index.php\/wp-json\/wp\/v2\/posts"}],"about":[{"href":"https:\/\/corrientesdetarde.com\/index.php\/wp-json\/wp\/v2\/types\/post"}],"author":[{"embeddable":true,"href":"https:\/\/corrientesdetarde.com\/index.php\/wp-json\/wp\/v2\/users\/4"}],"replies":[{"embeddable":true,"href":"https:\/\/corrientesdetarde.com\/index.php\/wp-json\/wp\/v2\/comments?post=219825"}],"version-history":[{"count":1,"href":"https:\/\/corrientesdetarde.com\/index.php\/wp-json\/wp\/v2\/posts\/219825\/revisions"}],"predecessor-version":[{"id":219828,"href":"https:\/\/corrientesdetarde.com\/index.php\/wp-json\/wp\/v2\/posts\/219825\/revisions\/219828"}],"wp:featuredmedia":[{"embeddable":true,"href":"https:\/\/corrientesdetarde.com\/index.php\/wp-json\/wp\/v2\/media\/219827"}],"wp:attachment":[{"href":"https:\/\/corrientesdetarde.com\/index.php\/wp-json\/wp\/v2\/media?parent=219825"}],"wp:term":[{"taxonomy":"category","embeddable":true,"href":"https:\/\/corrientesdetarde.com\/index.php\/wp-json\/wp\/v2\/categories?post=219825"},{"taxonomy":"post_tag","embeddable":true,"href":"https:\/\/corrientesdetarde.com\/index.php\/wp-json\/wp\/v2\/tags?post=219825"}],"curies":[{"name":"wp","href":"https:\/\/api.w.org\/{rel}","templated":true}]}}