{"id":219861,"date":"2025-07-31T11:17:10","date_gmt":"2025-07-31T14:17:10","guid":{"rendered":"https:\/\/corrientesdetarde.com\/?p=219861"},"modified":"2025-08-03T09:26:49","modified_gmt":"2025-08-03T12:26:49","slug":"reconocimiento-general-san-martin-por-los-50-anos-de-kinesiologia","status":"publish","type":"post","link":"https:\/\/corrientesdetarde.com\/index.php\/informacion-general\/reconocimiento-general-san-martin-por-los-50-anos-de-kinesiologia\/","title":{"rendered":"Reconocimiento General San Mart\u00edn por los 50 A\u00f1os de Kinesiolog\u00eda"},"content":{"rendered":"\n<p>RECINTO LEGISLATIVO<br><\/p>\n\n\n\n<p>El vicegobernador, doctor Pedro Braillard Poccard encabezar\u00e1 el acto de entrega de la m\u00e1xima distinci\u00f3n del Senado en el marco del Cincuentenario de la Carrera de Kinesiolog\u00eda y Fisiatr\u00eda dependiente de la Facultad de Medicina de la Universidad Nacional del Nordeste.<\/p>\n\n\n\n<p>El mismo se realizar\u00e1 el viernes 1 de agosto en el recinto legislativo a las 18 horas. Estar\u00e1n presentes las autoridades acad\u00e9micas de la Direcci\u00f3n de la Licenciatura en Kinesiolog\u00eda y Fisiatr\u00eda de la Facultad de Medicina.<\/p>\n\n\n\n<p>En la oportunidad se entregar\u00e1n m\u00e1s de un centenar de certificados a kinesi\u00f3logos, docentes, no docentes y alumnos, que aportaron sus conocimientos al fortalecimiento, crecimiento y sost\u00e9n de la carrera en estos 50 a\u00f1os.<\/p>\n\n\n\n<p>Se hace extensiva la invitaci\u00f3n a toda la comunidad.<\/p>\n\n\n\n<figure class=\"wp-block-image size-large\"><img loading=\"lazy\" decoding=\"async\" width=\"575\" height=\"1024\" src=\"https:\/\/corrientesdetarde.com\/wp-content\/uploads\/2025\/07\/Imagen-de-WhatsApp-2025-07-31-a-las-10.45.47_3ced8c93-575x1024.jpg\" alt=\"\" class=\"wp-image-219867\"\/><\/figure>\n","protected":false},"excerpt":{"rendered":"<p>RECINTO LEGISLATIVO El vicegobernador, doctor Pedro Braillard Poccard encabezar\u00e1 el acto de entrega de la m\u00e1xima distinci\u00f3n del Senado en el marco del Cincuentenario de la Carrera de Kinesiolog\u00eda y&hellip; <\/p>\n","protected":false},"author":1,"featured_media":219867,"comment_status":"closed","ping_status":"open","sticky":false,"template":"","format":"standard","meta":{"footnotes":""},"categories":[1],"tags":[],"class_list":["post-219861","post","type-post","status-publish","format-standard","has-post-thumbnail","hentry","category-informacion-general"],"_links":{"self":[{"href":"https:\/\/corrientesdetarde.com\/index.php\/wp-json\/wp\/v2\/posts\/219861","targetHints":{"allow":["GET"]}}],"collection":[{"href":"https:\/\/corrientesdetarde.com\/index.php\/wp-json\/wp\/v2\/posts"}],"about":[{"href":"https:\/\/corrientesdetarde.com\/index.php\/wp-json\/wp\/v2\/types\/post"}],"author":[{"embeddable":true,"href":"https:\/\/corrientesdetarde.com\/index.php\/wp-json\/wp\/v2\/users\/1"}],"replies":[{"embeddable":true,"href":"https:\/\/corrientesdetarde.com\/index.php\/wp-json\/wp\/v2\/comments?post=219861"}],"version-history":[{"count":1,"href":"https:\/\/corrientesdetarde.com\/index.php\/wp-json\/wp\/v2\/posts\/219861\/revisions"}],"predecessor-version":[{"id":219868,"href":"https:\/\/corrientesdetarde.com\/index.php\/wp-json\/wp\/v2\/posts\/219861\/revisions\/219868"}],"wp:featuredmedia":[{"embeddable":true,"href":"https:\/\/corrientesdetarde.com\/index.php\/wp-json\/wp\/v2\/media\/219867"}],"wp:attachment":[{"href":"https:\/\/corrientesdetarde.com\/index.php\/wp-json\/wp\/v2\/media?parent=219861"}],"wp:term":[{"taxonomy":"category","embeddable":true,"href":"https:\/\/corrientesdetarde.com\/index.php\/wp-json\/wp\/v2\/categories?post=219861"},{"taxonomy":"post_tag","embeddable":true,"href":"https:\/\/corrientesdetarde.com\/index.php\/wp-json\/wp\/v2\/tags?post=219861"}],"curies":[{"name":"wp","href":"https:\/\/api.w.org\/{rel}","templated":true}]}}