{"id":219887,"date":"2025-07-31T13:38:21","date_gmt":"2025-07-31T16:38:21","guid":{"rendered":"https:\/\/corrientesdetarde.com\/?p=219887"},"modified":"2025-07-31T13:38:23","modified_gmt":"2025-07-31T16:38:23","slug":"nueva-edicion-de-la-competencia-tecnicar","status":"publish","type":"post","link":"https:\/\/corrientesdetarde.com\/index.php\/educacion\/nueva-edicion-de-la-competencia-tecnicar\/","title":{"rendered":"Nueva edici\u00f3n de la competencia Tecnicar"},"content":{"rendered":"\n<p>El Gobierno de Corrientes a trav\u00e9s del Ministerio de Educaci\u00f3n y la Direcci\u00f3n de Educaci\u00f3n T\u00e9cnico Profesional pondr\u00e1n en marcha el 7 y 8 de agosto, una nueva edici\u00f3n de Tecnicar- Che Taragu\u00ed, la competencia de autos el\u00e9ctricos dise\u00f1ados y realizados por estudiantes de escuelas t\u00e9cnicas de toda la provincia.<\/p>\n\n\n\n<p>Corrientes viene apostando a una Educaci\u00f3n basada en el cuidado del medio ambiente e interdisciplinaria y en este marco se llevar\u00e1 adelante la cuarta Edici\u00f3n del Proyecto Tecnol\u00f3gico y Educativo Tecnicar 2025- Che Taragu\u00ed, una iniciativa que refleja el compromiso con la innovaci\u00f3n y la excelencia en la educaci\u00f3n t\u00e9cnica de la provincia.<\/p>\n\n\n\n<p>La actividad tendr\u00e1 lugar los d\u00edas 7 y 8 de agosto, en la Costanera Sur de la ciudad de Corrientes (desde Las Heras hasta Av Romero).<\/p>\n","protected":false},"excerpt":{"rendered":"<p>El Gobierno de Corrientes a trav\u00e9s del Ministerio de Educaci\u00f3n y la Direcci\u00f3n de Educaci\u00f3n T\u00e9cnico Profesional pondr\u00e1n en marcha el 7 y 8 de agosto, una nueva edici\u00f3n de&hellip; <\/p>\n","protected":false},"author":8,"featured_media":219888,"comment_status":"closed","ping_status":"open","sticky":false,"template":"","format":"standard","meta":{"footnotes":""},"categories":[32,1208],"tags":[],"class_list":["post-219887","post","type-post","status-publish","format-standard","has-post-thumbnail","hentry","category-educacion","category-eventossociedad"],"_links":{"self":[{"href":"https:\/\/corrientesdetarde.com\/index.php\/wp-json\/wp\/v2\/posts\/219887","targetHints":{"allow":["GET"]}}],"collection":[{"href":"https:\/\/corrientesdetarde.com\/index.php\/wp-json\/wp\/v2\/posts"}],"about":[{"href":"https:\/\/corrientesdetarde.com\/index.php\/wp-json\/wp\/v2\/types\/post"}],"author":[{"embeddable":true,"href":"https:\/\/corrientesdetarde.com\/index.php\/wp-json\/wp\/v2\/users\/8"}],"replies":[{"embeddable":true,"href":"https:\/\/corrientesdetarde.com\/index.php\/wp-json\/wp\/v2\/comments?post=219887"}],"version-history":[{"count":1,"href":"https:\/\/corrientesdetarde.com\/index.php\/wp-json\/wp\/v2\/posts\/219887\/revisions"}],"predecessor-version":[{"id":219889,"href":"https:\/\/corrientesdetarde.com\/index.php\/wp-json\/wp\/v2\/posts\/219887\/revisions\/219889"}],"wp:featuredmedia":[{"embeddable":true,"href":"https:\/\/corrientesdetarde.com\/index.php\/wp-json\/wp\/v2\/media\/219888"}],"wp:attachment":[{"href":"https:\/\/corrientesdetarde.com\/index.php\/wp-json\/wp\/v2\/media?parent=219887"}],"wp:term":[{"taxonomy":"category","embeddable":true,"href":"https:\/\/corrientesdetarde.com\/index.php\/wp-json\/wp\/v2\/categories?post=219887"},{"taxonomy":"post_tag","embeddable":true,"href":"https:\/\/corrientesdetarde.com\/index.php\/wp-json\/wp\/v2\/tags?post=219887"}],"curies":[{"name":"wp","href":"https:\/\/api.w.org\/{rel}","templated":true}]}}