{"id":219964,"date":"2025-07-31T16:48:31","date_gmt":"2025-07-31T19:48:31","guid":{"rendered":"https:\/\/corrientesdetarde.com\/?p=219964"},"modified":"2025-07-31T16:48:37","modified_gmt":"2025-07-31T19:48:37","slug":"una-abuela-llevo-a-su-nieto-a-la-costa-de-peru-para-que-conociera-el-impacto-de-un-tsunami-nunca-vio-uno","status":"publish","type":"post","link":"https:\/\/corrientesdetarde.com\/index.php\/internacionales\/una-abuela-llevo-a-su-nieto-a-la-costa-de-peru-para-que-conociera-el-impacto-de-un-tsunami-nunca-vio-uno\/","title":{"rendered":"Una abuela llev\u00f3 a su nieto a la costa de Per\u00fa para que conociera el impacto de un tsunami: \u201cNunca vio uno\u201d"},"content":{"rendered":"\n<p>Mientras reg\u00eda una alerta y las autoridades ped\u00edan una pronta evacuaci\u00f3n, la abuela permanec\u00eda junto al agua para presenciar el fen\u00f3meno natural.<\/p>\n\n\n\n<p><strong>En medio de un alerta mundial por posibles tsunamis<\/strong>&nbsp;en el oc\u00e9ano Pac\u00edfico una mujer&nbsp;<strong>fue a la costa para presenciar el fen\u00f3meno natural junto a su nieto<\/strong>&nbsp;porque \u201cnunca hab\u00edan visto uno\u201d. Ocurri\u00f3 en la localidad de Chorrillos, en Lima, Per\u00fa.<\/p>\n\n\n\n<p>Una periodista se acerc\u00f3 a la abuela para consultarle por qu\u00e9 se encontraba en la zona de peligro y&nbsp;<strong>la mujer le dio una ins\u00f3lita respuesta<\/strong>. El recorte del momento que fue televisado se viraliz\u00f3 r\u00e1pidamente en redes sociales donde gener\u00f3 un intenso debate por la falta de concientizaci\u00f3n sobre este tipo de eventos.<\/p>\n\n\n\n<p>Las autoridades de Lima alertaron a los habitantes por un posible tsunami a consecuencia del potente terremoto de magnitud 8,8 que ocurri\u00f3 este martes en Rusia.&nbsp;<strong>La noticia despert\u00f3 la curiosidad de la abuela que no lo dud\u00f3 y fue directo a la costa<\/strong>.<\/p>\n\n\n\n<figure class=\"wp-block-image\"><img decoding=\"async\" src=\"https:\/\/tn.com.ar\/resizer\/v2\/la-abuela-llevo-al-nieto-a-conocer-el-tsunami-foto-captura-de-video-GHSTWXOQBNF3VBLEZQ2LFD3KAU.png?auth=d17400ba19b208fc8b56864e5187c16548b3bf578a0f39bada1cbbdc2b9fabbd&amp;width=767\" alt=\"La abuela llev\u00f3 al nieto a &quot;conocer&quot; el tsunami. (Foto: captura de video)\"\/><\/figure>\n\n\n\n<p>\u201cHe visto la televisi\u00f3n a la ma\u00f1ana y me alert\u00e9,&nbsp;<strong>quer\u00eda ver porque yo nunca hab\u00eda visto un tsunami<\/strong>, y lo&nbsp;<strong>traigo a mi nieto para que tambi\u00e9n vea y conozca<\/strong>\u201d, dijo la mujer a una cronista que estaba trabajando en la zona costera.<\/p>\n\n\n\n<p>\u201c\u00bfNo siente peligro ustedes de lo que pueda suceder? Porque no sabemos qu\u00e9 es lo que la naturaleza pueda ocasionar&#8230;\u201c, le pregunt\u00f3 la periodista. \u201cBueno, han dicho que es algo preventivo, que no es de alto riesgo&#8230; es lo que escuch\u00e9. Porque&nbsp;<strong>no se sabe a cu\u00e1ntos metros van a llegar las olas<\/strong>\u201d, respondi\u00f3.<\/p>\n\n\n\n<p>El recorte se viraliz\u00f3 r\u00e1pidamente en redes sociales donde&nbsp;<strong>cuestionaron a la abuela por su accionar y por poner en peligro a su nieto<\/strong>, ya que el fen\u00f3meno puede representar un verdadero peligro para la vida de las personas. Cabe destacar que&nbsp;<strong>las autoridades peruanas pidieron a la poblaci\u00f3n que se aleje de playas<\/strong>, caletas, muelles y zonas de baja altitud.<\/p>\n\n\n\n<figure class=\"wp-block-image size-large\"><img loading=\"lazy\" decoding=\"async\" width=\"1024\" height=\"574\" src=\"https:\/\/corrientesdetarde.com\/wp-content\/uploads\/2025\/07\/image-1086-1024x574.png\" alt=\"\" class=\"wp-image-219965\" srcset=\"https:\/\/corrientesdetarde.com\/wp-content\/uploads\/2025\/07\/image-1086-1024x574.png 1024w, https:\/\/corrientesdetarde.com\/wp-content\/uploads\/2025\/07\/image-1086-300x168.png 300w, https:\/\/corrientesdetarde.com\/wp-content\/uploads\/2025\/07\/image-1086-768x430.png 768w, https:\/\/corrientesdetarde.com\/wp-content\/uploads\/2025\/07\/image-1086.png 1440w\" sizes=\"auto, (max-width: 1024px) 100vw, 1024px\" \/><\/figure>\n","protected":false},"excerpt":{"rendered":"<p>Mientras reg\u00eda una alerta y las autoridades ped\u00edan una pronta evacuaci\u00f3n, la abuela permanec\u00eda junto al agua para presenciar el fen\u00f3meno natural. En medio de un alerta mundial por posibles&hellip; <\/p>\n","protected":false},"author":8,"featured_media":219965,"comment_status":"closed","ping_status":"open","sticky":false,"template":"","format":"standard","meta":{"footnotes":""},"categories":[11],"tags":[],"class_list":["post-219964","post","type-post","status-publish","format-standard","has-post-thumbnail","hentry","category-internacionales"],"_links":{"self":[{"href":"https:\/\/corrientesdetarde.com\/index.php\/wp-json\/wp\/v2\/posts\/219964","targetHints":{"allow":["GET"]}}],"collection":[{"href":"https:\/\/corrientesdetarde.com\/index.php\/wp-json\/wp\/v2\/posts"}],"about":[{"href":"https:\/\/corrientesdetarde.com\/index.php\/wp-json\/wp\/v2\/types\/post"}],"author":[{"embeddable":true,"href":"https:\/\/corrientesdetarde.com\/index.php\/wp-json\/wp\/v2\/users\/8"}],"replies":[{"embeddable":true,"href":"https:\/\/corrientesdetarde.com\/index.php\/wp-json\/wp\/v2\/comments?post=219964"}],"version-history":[{"count":1,"href":"https:\/\/corrientesdetarde.com\/index.php\/wp-json\/wp\/v2\/posts\/219964\/revisions"}],"predecessor-version":[{"id":219966,"href":"https:\/\/corrientesdetarde.com\/index.php\/wp-json\/wp\/v2\/posts\/219964\/revisions\/219966"}],"wp:featuredmedia":[{"embeddable":true,"href":"https:\/\/corrientesdetarde.com\/index.php\/wp-json\/wp\/v2\/media\/219965"}],"wp:attachment":[{"href":"https:\/\/corrientesdetarde.com\/index.php\/wp-json\/wp\/v2\/media?parent=219964"}],"wp:term":[{"taxonomy":"category","embeddable":true,"href":"https:\/\/corrientesdetarde.com\/index.php\/wp-json\/wp\/v2\/categories?post=219964"},{"taxonomy":"post_tag","embeddable":true,"href":"https:\/\/corrientesdetarde.com\/index.php\/wp-json\/wp\/v2\/tags?post=219964"}],"curies":[{"name":"wp","href":"https:\/\/api.w.org\/{rel}","templated":true}]}}