{"id":219967,"date":"2025-07-31T16:49:52","date_gmt":"2025-07-31T19:49:52","guid":{"rendered":"https:\/\/corrientesdetarde.com\/?p=219967"},"modified":"2025-07-31T16:49:57","modified_gmt":"2025-07-31T19:49:57","slug":"corrientes-consolida-lazos-chamameceros-con-chile","status":"publish","type":"post","link":"https:\/\/corrientesdetarde.com\/index.php\/cultura\/corrientes-consolida-lazos-chamameceros-con-chile\/","title":{"rendered":"Corrientes consolida lazos chamameceros con Chile"},"content":{"rendered":"\n<p>Del 7 al 10 de agosto, se realizar\u00e1 el 12\u00ba Encuentro Internacional de Acordeonistas en Punta Arenas, Chile, y la provincia de Corrientes tendr\u00e1 representante. Con el apoyo del Gobierno de la Provincia, a trav\u00e9s del Instituto de Cultura, el acordeonista Ignacio Porra formar\u00e1 parte del evento que re\u00fane a m\u00fasicos chilenos y argentinos, y adem\u00e1s tiene prevista una agenda que incluye visitas a distintos establecimientos educativos del vecino pa\u00eds.<\/p>\n\n\n\n<p>La presidenta del Instituto de Cultura de Corrientes, Beatriz Kunin, recibi\u00f3 hoy a la ma\u00f1ana a Ignacio Porra, previo a su viaje. El di\u00e1logo gir\u00f3 alrededor de este importante encuentro y sobre gestiones que se iniciar\u00e1n con las autoridades de esa ciudad para proyectar la primera Fiesta del Chamam\u00e9 en ese lugar de la Patagonia chilena.<\/p>\n\n\n\n<p>\u201cEstamos muy contentos de que un m\u00fasico correntino nos represente en Chile\u201d, expres\u00f3 la presidente del Instituto de Cultura, Beatriz Kunin, en un nuevo paso firme en el hermanamiento cultural con ese pa\u00eds lim\u00edtrofe.<\/p>\n\n\n\n<p>El acordeonista, poeta y compositor se\u00f1al\u00f3: \u201cVoy a participar en un encuentro internacional de acordeonistas donde voy a estar representando a Corrientes con el chamam\u00e9\u201d, y como parte de la misma visita, recorrer\u00e1 distintos jardines de infantes, escuelas y colegios para hablar de distintos aspectos identitarios de Corrientes, como \u201cla m\u00fasica, el acorde\u00f3n, nuestros pr\u00f3ceres chamameceros, el idioma guaran\u00ed, la vestimenta y la gastronom\u00eda espec\u00edficamente de nuestro litoral\u201d.<\/p>\n\n\n\n<p>Destac\u00f3 adem\u00e1s que buscar\u00e1 iniciar los di\u00e1logos con las autoridades de Chile para que se lleve adelante el primer festival del chamam\u00e9 y \u201ccompartirla con todos los chilenos que respetan mucho, valoran y han adoptado al chamam\u00e9 y lo han hecho parte de su folclore\u201d.<\/p>\n","protected":false},"excerpt":{"rendered":"<p>Del 7 al 10 de agosto, se realizar\u00e1 el 12\u00ba Encuentro Internacional de Acordeonistas en Punta Arenas, Chile, y la provincia de Corrientes tendr\u00e1 representante. Con el apoyo del Gobierno&hellip; <\/p>\n","protected":false},"author":8,"featured_media":219968,"comment_status":"closed","ping_status":"open","sticky":false,"template":"","format":"standard","meta":{"footnotes":""},"categories":[15],"tags":[],"class_list":["post-219967","post","type-post","status-publish","format-standard","has-post-thumbnail","hentry","category-cultura"],"_links":{"self":[{"href":"https:\/\/corrientesdetarde.com\/index.php\/wp-json\/wp\/v2\/posts\/219967","targetHints":{"allow":["GET"]}}],"collection":[{"href":"https:\/\/corrientesdetarde.com\/index.php\/wp-json\/wp\/v2\/posts"}],"about":[{"href":"https:\/\/corrientesdetarde.com\/index.php\/wp-json\/wp\/v2\/types\/post"}],"author":[{"embeddable":true,"href":"https:\/\/corrientesdetarde.com\/index.php\/wp-json\/wp\/v2\/users\/8"}],"replies":[{"embeddable":true,"href":"https:\/\/corrientesdetarde.com\/index.php\/wp-json\/wp\/v2\/comments?post=219967"}],"version-history":[{"count":1,"href":"https:\/\/corrientesdetarde.com\/index.php\/wp-json\/wp\/v2\/posts\/219967\/revisions"}],"predecessor-version":[{"id":219969,"href":"https:\/\/corrientesdetarde.com\/index.php\/wp-json\/wp\/v2\/posts\/219967\/revisions\/219969"}],"wp:featuredmedia":[{"embeddable":true,"href":"https:\/\/corrientesdetarde.com\/index.php\/wp-json\/wp\/v2\/media\/219968"}],"wp:attachment":[{"href":"https:\/\/corrientesdetarde.com\/index.php\/wp-json\/wp\/v2\/media?parent=219967"}],"wp:term":[{"taxonomy":"category","embeddable":true,"href":"https:\/\/corrientesdetarde.com\/index.php\/wp-json\/wp\/v2\/categories?post=219967"},{"taxonomy":"post_tag","embeddable":true,"href":"https:\/\/corrientesdetarde.com\/index.php\/wp-json\/wp\/v2\/tags?post=219967"}],"curies":[{"name":"wp","href":"https:\/\/api.w.org\/{rel}","templated":true}]}}