{"id":219970,"date":"2025-07-31T19:48:59","date_gmt":"2025-07-31T22:48:59","guid":{"rendered":"https:\/\/corrientesdetarde.com\/?p=219970"},"modified":"2025-07-31T19:49:01","modified_gmt":"2025-07-31T22:49:01","slug":"cana-con-ruda-la-municipalidad-invita-a-compartir-esta-tradicion-ancestral","status":"publish","type":"post","link":"https:\/\/corrientesdetarde.com\/index.php\/actualidad\/cana-con-ruda-la-municipalidad-invita-a-compartir-esta-tradicion-ancestral\/","title":{"rendered":"Ca\u00f1a con ruda: la Municipalidad invita a compartir esta tradici\u00f3n ancestral"},"content":{"rendered":"\n<p>El viernes 1 de agosto, desde las 8, los vecinos y visitantes podr\u00e1n tomar los tres sorbos de ca\u00f1a con ruda en plazas y espacios culturales de la ciudad. De esta manera, la Municipalidad de Corrientes invita a ser parte de este rito ancestral para alejar lo malo, atraer lo bueno y agradecer a la Madre Tierra. Adem\u00e1s, se podr\u00e1 disfrutar de m\u00fasica y baile.<\/p>\n\n\n\n<p>La Municipalidad de Corrientes invita a vecinos y turistas a participar este viernes 1\u00ba de agosto, desde las 8 de la ma\u00f1ana, de la tradici\u00f3n de tomar ca\u00f1a con ruda para celebrar el D\u00eda de la Pachamama. La propuesta cultural y ancestral tendr\u00e1 lugar en diferentes plazas y centros culturales, con acceso libre y gratuito.<br>&nbsp;<br>Como cada a\u00f1o, esta bebida se ofrece como parte de una costumbre popular ligada a la protecci\u00f3n contra enfermedades, el inicio del mes de agosto y la conexi\u00f3n con la tierra. La actividad busca revalorizar ra\u00edces culturales locales y acercar a la comunidad a rituales que atraviesan generaciones.<br>&nbsp;<br>&#8220;En esta oportunidad, queremos brindarle a cada vecino que cerca de su casa pueda acercarse a tomar los tres traguitos de ca\u00f1a con ruda para seguir sosteniendo las tradiciones y tambi\u00e9n disfrutar de m\u00fasica y la posibilidad de compartir&#8221;, se\u00f1al\u00f3 el secretario de Cultura y Educaci\u00f3n, Jos\u00e9 Sand.&nbsp;<br>&nbsp;<br>Al mismo tiempo, record\u00f3 un dicho popular: &#8220;En julio se prepara, agosto se lo lleva&#8221;, que se refiere a una creencia, especialmente arraigada en estas zonas, que asocia el mes de julio con la preparaci\u00f3n para las enfermedades y dificultades que tradicionalmente se asociaban con agosto.<br>&nbsp;<br>Agosto era visto como un mes peligroso, asociado a enfermedades y muertes, especialmente en el pasado cuando la medicina no estaba tan desarrollada. Por ello, se convierte en una oportunidad para &#8220;espantar todos los males&#8221;.<br>&nbsp;<br><strong>CA\u00d1A CON RUDA<\/strong><br>&nbsp;<br>La Municipalidad de Corrientes invitar\u00e1 a tomar ca\u00f1a con ruda en los siguientes espacios culturales: Casa Molinas (Carlos Pellegrini 937); Casa del Bicentenario (Av. Laprida y Caracas); y en el Centro Cultural Adolfo Mors (Carlos Pellegrini 542).<br>&nbsp;<br>Tambi\u00e9n en espacios p\u00fablicos del centro: plaza Cabral (Jun\u00edn y San Lorenzo), plaza Vera (Jun\u00edn entre La Rioja y San Juan) y plazoleta Casco (25 de Mayo y Mendoza).<br><strong>&nbsp;<\/strong><br><strong>CEREMONIA<\/strong><\/p>\n\n\n\n<p>Adem\u00e1s de la ca\u00f1a con ruda, el encuentro en los espacios culturales incluir\u00e1 una celebraci\u00f3n simb\u00f3lica del D\u00eda de la Pachamama, honrando la fertilidad de la tierra y los saberes de los pueblos originarios.&nbsp;<br>&nbsp;<br>Desde la secretar\u00eda de Cultura municipal, destacaron que estas actividades forman parte del calendario de acciones para preservar y difundir las tradiciones correntinas. La invitaci\u00f3n est\u00e1 abierta a toda la comunidad.<\/p>\n","protected":false},"excerpt":{"rendered":"<p>El viernes 1 de agosto, desde las 8, los vecinos y visitantes podr\u00e1n tomar los tres sorbos de ca\u00f1a con ruda en plazas y espacios culturales de la ciudad. De&hellip; <\/p>\n","protected":false},"author":4,"featured_media":219977,"comment_status":"closed","ping_status":"open","sticky":false,"template":"","format":"standard","meta":{"footnotes":""},"categories":[23],"tags":[],"class_list":["post-219970","post","type-post","status-publish","format-standard","has-post-thumbnail","hentry","category-actualidad"],"_links":{"self":[{"href":"https:\/\/corrientesdetarde.com\/index.php\/wp-json\/wp\/v2\/posts\/219970","targetHints":{"allow":["GET"]}}],"collection":[{"href":"https:\/\/corrientesdetarde.com\/index.php\/wp-json\/wp\/v2\/posts"}],"about":[{"href":"https:\/\/corrientesdetarde.com\/index.php\/wp-json\/wp\/v2\/types\/post"}],"author":[{"embeddable":true,"href":"https:\/\/corrientesdetarde.com\/index.php\/wp-json\/wp\/v2\/users\/4"}],"replies":[{"embeddable":true,"href":"https:\/\/corrientesdetarde.com\/index.php\/wp-json\/wp\/v2\/comments?post=219970"}],"version-history":[{"count":1,"href":"https:\/\/corrientesdetarde.com\/index.php\/wp-json\/wp\/v2\/posts\/219970\/revisions"}],"predecessor-version":[{"id":219978,"href":"https:\/\/corrientesdetarde.com\/index.php\/wp-json\/wp\/v2\/posts\/219970\/revisions\/219978"}],"wp:featuredmedia":[{"embeddable":true,"href":"https:\/\/corrientesdetarde.com\/index.php\/wp-json\/wp\/v2\/media\/219977"}],"wp:attachment":[{"href":"https:\/\/corrientesdetarde.com\/index.php\/wp-json\/wp\/v2\/media?parent=219970"}],"wp:term":[{"taxonomy":"category","embeddable":true,"href":"https:\/\/corrientesdetarde.com\/index.php\/wp-json\/wp\/v2\/categories?post=219970"},{"taxonomy":"post_tag","embeddable":true,"href":"https:\/\/corrientesdetarde.com\/index.php\/wp-json\/wp\/v2\/tags?post=219970"}],"curies":[{"name":"wp","href":"https:\/\/api.w.org\/{rel}","templated":true}]}}