{"id":220008,"date":"2025-07-31T23:16:46","date_gmt":"2025-08-01T02:16:46","guid":{"rendered":"https:\/\/corrientesdetarde.com\/?p=220008"},"modified":"2025-07-31T23:16:58","modified_gmt":"2025-08-01T02:16:58","slug":"la-cruz-juan-pablo-valdes-transmitio-su-apoyo-a-calomarde-para-la-intendencia","status":"publish","type":"post","link":"https:\/\/corrientesdetarde.com\/index.php\/politica\/la-cruz-juan-pablo-valdes-transmitio-su-apoyo-a-calomarde-para-la-intendencia\/","title":{"rendered":"La Cruz: Juan Pablo Vald\u00e9s transmiti\u00f3 su apoyo a Calomarde para la intendencia"},"content":{"rendered":"\n<p>El candidato a gobernador Juan Pablo Vald\u00e9s, junto a su compa\u00f1ero de f\u00f3rmula, Pedro Braillard Poccard, encabez\u00f3 este jueves el acto de Vamos Corrientes realizado en la ciudad de La Cruz, donde transmiti\u00f3 su apoyo al candidato a intendente Luis Calomarde. Entre otras obras, hubo un compromiso en la ocasi\u00f3n para la construcci\u00f3n de viviendas y el asfaltado de calles.<\/p>\n\n\n\n<p>&#8220;En estos siete a\u00f1os y medio el Gobierno trabaj\u00f3 incansablemente para dejar una provincia distinta a la que encontr\u00f3 y fue por el trabajo de muchas personas, sobreponi\u00e9ndonos tambi\u00e9n a muchas adversidades. Por eso hoy estamos ac\u00e1, mir\u00e1ndolos a los ojos, dici\u00e9ndoles que vuelvan a confiar en nosotros, porque tenemos la fuerza para sostener este rumbo, invit\u00e1ndolos a so\u00f1ar una provincia con m\u00e1s oportunidades, trabajo, educaci\u00f3n, salud, viviendas y desarrollo para el interior&#8221;, comenz\u00f3 su discurso el candidato a gobernador de Vamos Corrientes.<\/p>\n\n\n\n<p>Durante su alocuci\u00f3n, Juan Pablo Vald\u00e9s se comprometi\u00f3 a aportar al municipio el asfalto para todas las cuadras que cuenten con cord\u00f3n cuneta, como as\u00ed tambi\u00e9n la mayor cantidad posible de viviendas O\u00f1ondiv\u00e9&nbsp;(programa provincial con participaci\u00f3n municipal). &#8220;Nosotros vamos a desarrollar ese interior fuerte, pujante, porque a medida que recorro la provincia, estoy convencido que los correntinos tenemos un potencial enorme&#8221;, concluy\u00f3,<\/p>\n\n\n\n<p>En tanto, el candidato a intendente Luis Calomarde expres\u00f3 que &#8220;tenemos pensado trabajar junto al Gobierno provincial para lograr cien cuadras de pavimento y tenemos ya 200 cuadras de cord\u00f3n cuneta preparadas. Tambi\u00e9n&nbsp;vamos a trabajar incansablemente para la construcci\u00f3n de viviendas. Adem\u00e1s queremos instalar un centro tecnol\u00f3gico en la Casa de la Cultura para que los j\u00f3venes se puedan capacitar y proyectar su futuro, como as\u00ed tambi\u00e9n reactivar el parque industrial para que vengan inversiones que generen empleo genuino. Queremos trabajar con nuestra comunidad para recuperar el orgullo de ser cruce\u00f1o&#8221;.<\/p>\n\n\n\n<p>Tambi\u00e9n fueron oradores en este acto, los candidatos: a diputados, Eduardo Tassano y Albana Rotela; y a concejales, Camilo C\u00e1ceres y Patricia Pedelhez, como as\u00ed tambi\u00e9n el ministro de Desarrollo Social, Ad\u00e1n Gaya, en su calidad de referente de Vamos Corrientes de la Regi\u00f3n Colorada.&nbsp;<\/p>\n","protected":false},"excerpt":{"rendered":"<p>El candidato a gobernador Juan Pablo Vald\u00e9s, junto a su compa\u00f1ero de f\u00f3rmula, Pedro Braillard Poccard, encabez\u00f3 este jueves el acto de Vamos Corrientes realizado en la ciudad de La&hellip; <\/p>\n","protected":false},"author":4,"featured_media":220009,"comment_status":"closed","ping_status":"open","sticky":false,"template":"","format":"standard","meta":{"footnotes":""},"categories":[3],"tags":[],"class_list":["post-220008","post","type-post","status-publish","format-standard","has-post-thumbnail","hentry","category-politica"],"_links":{"self":[{"href":"https:\/\/corrientesdetarde.com\/index.php\/wp-json\/wp\/v2\/posts\/220008","targetHints":{"allow":["GET"]}}],"collection":[{"href":"https:\/\/corrientesdetarde.com\/index.php\/wp-json\/wp\/v2\/posts"}],"about":[{"href":"https:\/\/corrientesdetarde.com\/index.php\/wp-json\/wp\/v2\/types\/post"}],"author":[{"embeddable":true,"href":"https:\/\/corrientesdetarde.com\/index.php\/wp-json\/wp\/v2\/users\/4"}],"replies":[{"embeddable":true,"href":"https:\/\/corrientesdetarde.com\/index.php\/wp-json\/wp\/v2\/comments?post=220008"}],"version-history":[{"count":1,"href":"https:\/\/corrientesdetarde.com\/index.php\/wp-json\/wp\/v2\/posts\/220008\/revisions"}],"predecessor-version":[{"id":220010,"href":"https:\/\/corrientesdetarde.com\/index.php\/wp-json\/wp\/v2\/posts\/220008\/revisions\/220010"}],"wp:featuredmedia":[{"embeddable":true,"href":"https:\/\/corrientesdetarde.com\/index.php\/wp-json\/wp\/v2\/media\/220009"}],"wp:attachment":[{"href":"https:\/\/corrientesdetarde.com\/index.php\/wp-json\/wp\/v2\/media?parent=220008"}],"wp:term":[{"taxonomy":"category","embeddable":true,"href":"https:\/\/corrientesdetarde.com\/index.php\/wp-json\/wp\/v2\/categories?post=220008"},{"taxonomy":"post_tag","embeddable":true,"href":"https:\/\/corrientesdetarde.com\/index.php\/wp-json\/wp\/v2\/tags?post=220008"}],"curies":[{"name":"wp","href":"https:\/\/api.w.org\/{rel}","templated":true}]}}