{"id":220011,"date":"2025-07-31T23:36:24","date_gmt":"2025-08-01T02:36:24","guid":{"rendered":"https:\/\/corrientesdetarde.com\/?p=220011"},"modified":"2025-07-31T23:36:36","modified_gmt":"2025-08-01T02:36:36","slug":"el-gobierno-provincial-entrego-en-la-cruz-microcreditos-y-bienes-de-capital-a-emprendedores","status":"publish","type":"post","link":"https:\/\/corrientesdetarde.com\/index.php\/actualidad\/el-gobierno-provincial-entrego-en-la-cruz-microcreditos-y-bienes-de-capital-a-emprendedores\/","title":{"rendered":"El Gobierno provincial entreg\u00f3 en La Cruz microcr\u00e9ditos y bienes de capital a emprendedores"},"content":{"rendered":"\n<p>En La Cruz, el Gobierno de la Provincia junto al Banco de Corrientes a trav\u00e9s de la Fundaci\u00f3n para el Desarrollo de Corrientes (FUDECOR), entregaron este jueves 10 microcr\u00e9ditos a emprendedores. En tanto que otros 20 recibieron bienes de capital del Programa &#8220;Emprendedores Somos Todos&#8221;, ofreciendo &#8220;apoyo para fomentar el crecimiento y la creaci\u00f3n de empleo genuino, con el objetivo de que puedan prosperar y hacer lo que les gusta&#8221;, remarcaron.<\/p>\n\n\n\n<p>La presidente del Banco de Corrientes, Laura Sprovieri, y la coordinadora del programa \u201cEmprendedores Somos Todos\u201d, Lourdes Garrido, encabezaron la entrega.<\/p>\n\n\n\n<p>El programa, impulsado por la FUDECOR junto al Banco de Corrientes y el Gobierno provincial, promueve la inclusi\u00f3n financiera real con microcr\u00e9ditos de montos accesibles destinados a emprendedores que no pueden acceder al sistema bancario tradicional.<\/p>\n\n\n\n<figure class=\"wp-block-image size-large\"><img loading=\"lazy\" decoding=\"async\" width=\"1024\" height=\"677\" src=\"https:\/\/corrientesdetarde.com\/wp-content\/uploads\/2025\/07\/image-1088-1024x677.png\" alt=\"\" class=\"wp-image-220012\" srcset=\"https:\/\/corrientesdetarde.com\/wp-content\/uploads\/2025\/07\/image-1088-1024x677.png 1024w, https:\/\/corrientesdetarde.com\/wp-content\/uploads\/2025\/07\/image-1088-300x198.png 300w, https:\/\/corrientesdetarde.com\/wp-content\/uploads\/2025\/07\/image-1088-768x508.png 768w, https:\/\/corrientesdetarde.com\/wp-content\/uploads\/2025\/07\/image-1088.png 1365w\" sizes=\"auto, (max-width: 1024px) 100vw, 1024px\" \/><\/figure>\n\n\n\n<p>Adem\u00e1s de los microcr\u00e9ditos, el programa entrega bienes de capital (equipamiento, herramientas) de forma no reembolsable, como por ejemplo m\u00e1quinas de sublimaci\u00f3n, aer\u00f3grafos, m\u00e1quinas de coser, equipamiento alimenticio, etc., proporcionadas a emprendedores en escuelas como artesanos, costureras, fot\u00f3grafos, herreros y productores locales. Equipos en sectores como panader\u00eda, jardiner\u00eda, textil, peluquer\u00eda, carpinter\u00eda y gastronom\u00eda tambi\u00e9n fueron entregados en localidades como Goya, Esquina y otras.<\/p>\n\n\n\n<p>El enfoque incluye desde asesoramiento contable, marketing digital, capacitaci\u00f3n t\u00e9cnica hasta apoyo para formulaci\u00f3n de proyectos y acceso a redes sociales o mercados digitales.<\/p>\n\n\n\n<p>Al respecto, la presidente del Banco de Corrientes, Laura Sprovieri, indic\u00f3 que \u201choy estamos entregando en La Cruz, para darles ese empujoncito que necesitan, pero venimos haci\u00e9ndolo a lo largo y ancho de la provincia\u201d, y a\u00f1adi\u00f3 que esto \u201ces una promesa del Gobernador Vald\u00e9s de cuando relanzamos la fundaci\u00f3n en el mes de mayo, y se comprometi\u00f3 firmemente apoyar a todos los emprendedores\u201d.<\/p>\n\n\n\n<p>\u201cEstos cr\u00e9ditos no son s\u00f3lo un apoyo financiero, son una confianza a ustedes, creemos en el potencial que tienen, y sabemos que pueden hacer muchas cosas para el progreso\u201d, consider\u00f3 Sprovieri.<\/p>\n\n\n\n<p>Adem\u00e1s, la funcionaria destac\u00f3 que los cr\u00e9ditos \u201cno hay en otra parte del pa\u00eds, solamente en nuestra querida provincia\u201d, y seguidamente resalt\u00f3 que esto es as\u00ed porque \u201ctrabajamos junto al Gobierno de Corrientes por buscar m\u00e1s desarrollo, que trae producci\u00f3n y empleo\u201d.<\/p>\n\n\n\n<p>Asimismo, Sprovieri pidi\u00f3 a los emprendedores que demuestren que \u201cen La Cruz hay talento y futuro\u201d, y tambi\u00e9n en la ocasi\u00f3n agradeci\u00f3 al Gobernador por \u201cel apoyo incondicional que siempre tenemos, por el relanzamiento de la Fundaci\u00f3n, por saber que vamos a trabajar por ustedes\u201d.<\/p>\n\n\n\n<p>\u201cEsto es s\u00f3lo el comienzo, el microcr\u00e9dito es la semilla, y los emprendedores son la tierra f\u00e9rtil, y lo que logremos es el fruto para todos los correntinos\u201d, finaliz\u00f3 la responsable del Banco de Corrientes.<\/p>\n\n\n\n<p>Por su parte, la coordinadora del programa \u201cEmprendedores Somos Todos\u201d, Lourdes Garrido, sostuvo que \u201ctrabajamos con varias capacitaciones dentro del programa, ac\u00e1 en La Cruz nos desempe\u00f1amos con el uso de redes sociales\u201d, y \u201cen todo lo tenga que ver en potencial con ventas\u201d.<\/p>\n\n\n\n<p>Sobre la entrega de estos bienes de capital, Garrido consider\u00f3 que \u201ces una de las herramientas m\u00e1s importantes que tiene el programa, se trata de aportes no retornables del estado\u201d, y destac\u00f3 que es \u201cel puntapi\u00e9 inicial o esa ayudita, ese empuj\u00f3n que tienen ustedes para que puedan crecer, desarrollarse, generar mano de obra genuina, correntina, que esa es la meta de este gobierno provincial\u201d.<\/p>\n\n\n\n<p><strong>Presencias<\/strong><\/p>\n\n\n\n<p>Estuvieron presentes los ministros de Desarrollo Social, Ad\u00e1n Gaya; de Industria, Trabajo y Comercio, Mariel Gabur; de Ciencias y Tecnolog\u00eda, Natalia Romero; el interventor del INVICO, Lizardo Gonz\u00e1lez; legisladores; secretarios y subsecretarios provinciales; el intendente de Ituzaing\u00f3, Juan Pablo Vald\u00e9s; el intendente de Corrientes, Eduardo Tassano; y dem\u00e1s autoridades<\/p>\n","protected":false},"excerpt":{"rendered":"<p>En La Cruz, el Gobierno de la Provincia junto al Banco de Corrientes a trav\u00e9s de la Fundaci\u00f3n para el Desarrollo de Corrientes (FUDECOR), entregaron este jueves 10 microcr\u00e9ditos a&hellip; <\/p>\n","protected":false},"author":4,"featured_media":220013,"comment_status":"closed","ping_status":"open","sticky":false,"template":"","format":"standard","meta":{"footnotes":""},"categories":[23],"tags":[],"class_list":["post-220011","post","type-post","status-publish","format-standard","has-post-thumbnail","hentry","category-actualidad"],"_links":{"self":[{"href":"https:\/\/corrientesdetarde.com\/index.php\/wp-json\/wp\/v2\/posts\/220011","targetHints":{"allow":["GET"]}}],"collection":[{"href":"https:\/\/corrientesdetarde.com\/index.php\/wp-json\/wp\/v2\/posts"}],"about":[{"href":"https:\/\/corrientesdetarde.com\/index.php\/wp-json\/wp\/v2\/types\/post"}],"author":[{"embeddable":true,"href":"https:\/\/corrientesdetarde.com\/index.php\/wp-json\/wp\/v2\/users\/4"}],"replies":[{"embeddable":true,"href":"https:\/\/corrientesdetarde.com\/index.php\/wp-json\/wp\/v2\/comments?post=220011"}],"version-history":[{"count":1,"href":"https:\/\/corrientesdetarde.com\/index.php\/wp-json\/wp\/v2\/posts\/220011\/revisions"}],"predecessor-version":[{"id":220014,"href":"https:\/\/corrientesdetarde.com\/index.php\/wp-json\/wp\/v2\/posts\/220011\/revisions\/220014"}],"wp:featuredmedia":[{"embeddable":true,"href":"https:\/\/corrientesdetarde.com\/index.php\/wp-json\/wp\/v2\/media\/220013"}],"wp:attachment":[{"href":"https:\/\/corrientesdetarde.com\/index.php\/wp-json\/wp\/v2\/media?parent=220011"}],"wp:term":[{"taxonomy":"category","embeddable":true,"href":"https:\/\/corrientesdetarde.com\/index.php\/wp-json\/wp\/v2\/categories?post=220011"},{"taxonomy":"post_tag","embeddable":true,"href":"https:\/\/corrientesdetarde.com\/index.php\/wp-json\/wp\/v2\/tags?post=220011"}],"curies":[{"name":"wp","href":"https:\/\/api.w.org\/{rel}","templated":true}]}}