{"id":220015,"date":"2025-08-01T08:00:37","date_gmt":"2025-08-01T11:00:37","guid":{"rendered":"https:\/\/corrientesdetarde.com\/?p=220015"},"modified":"2025-08-01T08:00:49","modified_gmt":"2025-08-01T11:00:49","slug":"vamos-corrientes-refuerza-su-mensaje-localista-aca-ruge-el-yaguarete","status":"publish","type":"post","link":"https:\/\/corrientesdetarde.com\/index.php\/politica\/vamos-corrientes-refuerza-su-mensaje-localista-aca-ruge-el-yaguarete\/","title":{"rendered":"Vamos Corrientes refuerza su mensaje localista: &#8220;Ac\u00e1 ruge el yaguaret\u00e9&#8221;"},"content":{"rendered":"\n<p>Gustavo Vald\u00e9s cerr\u00f3 los discursos del mi\u00e9rcoles en Mburucuy\u00e1 e hizo hincapi\u00e9 en la correntinidad y en el rol del Estado. &#8220;Defendamos nuestros valores&#8221;, exclam\u00f3. Continuaron el jueves con actos en La Cruz y Paso de los Libres. Hoy vuelven a Capital: estar\u00e1n en Laguna Seca.<\/p>\n\n\n\n<p>A un mes de las elecciones, la alianza oficialista Vamos Corrientes intensifica su agenda de campa\u00f1a con actos en el interior provincial y en la capital. En la noche del mi\u00e9rcoles estuvieron en Mburucuy\u00e1 los principales candidatos encabezados por Juan Pablo Vald\u00e9s (para gobernador) y Gustavo Vald\u00e9s (para senador). En tanto que este jueves fueron a ciudades de la costa del r\u00edo Uruguay: La Cruz, primero, y en la noche, Paso de los Libres. El cronograma de presentaci\u00f3n de candidatos y propuestas continuar\u00e1 este viernes 1 de agosto en la ciudad de Corrientes en otra zona estrat\u00e9gica: el barrio Laguna Seca.<\/p>\n\n\n\n<p>En La Cruz se presentaron con masiva asistencia y luego desembarcaron en Paso de los Libres, ciudad de origen del candidato opositor y m\u00e1s cr\u00edtico de los Vald\u00e9s (al menos por sus apariciones en las redes y los medios), el actual intendente Mart\u00edn &#8220;Tincho&#8221; Asc\u00faa (PJ).<\/p>\n\n\n\n<p>En Capital estar\u00e1n este viernes en el Polideportivo del Laguna Seca.<\/p>\n\n\n\n<p>Estas tres paradas forman parte de un intenso itinerario que puso en marcha el frente gobernante en la provincia y que ya cubri\u00f3 ya varias comunas. Y a\u00fan queda m\u00e1s para estas cuatro semanas hasta las urnas provinciales.<\/p>\n\n\n\n<p>En este marco, Vamos Corrientes refuerza uno de los ejes principales de su mensaje: la correntinidad y lo localista de las elecciones del 31-A, restando plaf\u00f3n a los dem\u00e1s frentes que tienen fuerte lazos y discursos con lo nacional: sea La Libertad Avanza como el propio kirchnerismo.<\/p>\n\n\n\n<figure class=\"wp-block-image\"><img decoding=\"async\" src=\"https:\/\/www.diarioepoca.com\/content\/bucket\/8\/1441468w380h397c.jpg.webp\" alt=\"\"\/><\/figure>\n\n\n\n<p>Al cerrar la serie de discursos en Mburucuy\u00e1, Gustavo Vald\u00e9s se expres\u00f3 en este sentido. &#8220;Defendamos nuestros valores, porque ac\u00e1 no ruge el le\u00f3n, ac\u00e1 ruge el yaguaret\u00e9 correntino&#8221;, grafic\u00f3 en referencia a la f\u00e1bulas leoninas libertarias.<\/p>\n\n\n\n<p>Pero Vald\u00e9s fue m\u00e1s all\u00e1 a\u00fan: &#8220;Soy alguien que cree en el Estado eficiente y honesto, porque sin Estado no hay quien defienda al ciudadano&#8221;, remarc\u00f3. Y en esta l\u00ednea agreg\u00f3: &#8220;Ra\u00fal Alfons\u00edn dec\u00eda que es impensable que en el gallinero libre, el zorro libre no le coma a las gallinas libres&#8221;.<\/p>\n\n\n\n<figure class=\"wp-block-image\"><img decoding=\"async\" src=\"https:\/\/www.diarioepoca.com\/content\/bucket\/9\/1441469w380h397c.jpg.webp\" alt=\"\"\/><\/figure>\n\n\n\n<p>Por ora parte, dijo: &#8220;No se construye ninguna sociedad con destrucci\u00f3n ni con odio, porque as\u00ed s\u00f3lo se logra m\u00e1s destrucci\u00f3n, nada m\u00e1s, por eso nosotros no proferimos injurias ni calumnias, pero sabemos quienes s\u00ed lo hacen y no nos vamos hacer eso&#8221;.<\/p>\n\n\n\n<h2 class=\"wp-block-heading\"><strong>Vald\u00e9s inaugur\u00f3 cuartel de bomberos en Libres y anunci\u00f3 el arreglo del puente<\/strong><\/h2>\n\n\n\n<figure class=\"wp-block-image\"><img decoding=\"async\" src=\"https:\/\/www.diarioepoca.com\/content\/bucket\/2\/1441502w380h315c.jpg.webp\" alt=\"\"\/><\/figure>\n\n\n\n<p>De recorrida por el sudeste provincial, el gobernador Gustavo Vald\u00e9s lleg\u00f3 este jueves a Paso de los Libres, donde inaugur\u00f3 el edificio del cuartel de la Brigada de Incendios Forestales (BRIF), que se ubica en el predio del Parque Industrial. &#8220;Hay que proteger nuestro oro verde&#8221; dijo. Entre otras cosas, tambi\u00e9n entreg\u00f3 junto al Banco de Corrientes microcr\u00e9ditos a emprendedores y recursos del Programa &#8220;Emprendedores Somos Todos&#8221;.<\/p>\n\n\n\n<p>En la oportunidad, la infraestructura del cuartel fue dise\u00f1ada bajo est\u00e1ndares de primer nivel, posicionados a la vanguardia en todo el territorio nacional, siendo pioneros en seguridad e infraestructura hasta el momento en el pa\u00eds con este poder tecnol\u00f3gico y log\u00edstico con tanques de abastecimiento de 120.000 litros para abastecimiento y red de incendio, sistema de c\u00e1mara de videovigilancia, alarmas sincronizadas con monitoreo y emergencias para el 911, alerta temprana, estacionamiento interior, 10 camionetas, 5 autobombas forestales y, \u00e1reas de maniobras.<\/p>\n\n\n\n<h2 class=\"wp-block-heading\">Puente internacional<\/h2>\n\n\n\n<p><br>Por otra parte, en la tarde de este jueves, Vald\u00e9s subi\u00f3 a sus redes sociales un video cruzando en camioneta el puente internacional Paso de los Libres-Uruguayana.<\/p>\n\n\n\n<p>Mientras iba conduciendo le hablo a la c\u00e1mara para anunciar que la Provincia espera repavimentar el viaducto en una labor conjunta con Vialidad Nacional, teniendo en cuenta que el cruce est\u00e1 desde hace tiempo en estado deplorable.<\/p>\n","protected":false},"excerpt":{"rendered":"<p>Gustavo Vald\u00e9s cerr\u00f3 los discursos del mi\u00e9rcoles en Mburucuy\u00e1 e hizo hincapi\u00e9 en la correntinidad y en el rol del Estado. &#8220;Defendamos nuestros valores&#8221;, exclam\u00f3. Continuaron el jueves con actos&hellip; <\/p>\n","protected":false},"author":3,"featured_media":220021,"comment_status":"closed","ping_status":"open","sticky":false,"template":"","format":"standard","meta":{"footnotes":""},"categories":[3],"tags":[],"class_list":["post-220015","post","type-post","status-publish","format-standard","has-post-thumbnail","hentry","category-politica"],"_links":{"self":[{"href":"https:\/\/corrientesdetarde.com\/index.php\/wp-json\/wp\/v2\/posts\/220015","targetHints":{"allow":["GET"]}}],"collection":[{"href":"https:\/\/corrientesdetarde.com\/index.php\/wp-json\/wp\/v2\/posts"}],"about":[{"href":"https:\/\/corrientesdetarde.com\/index.php\/wp-json\/wp\/v2\/types\/post"}],"author":[{"embeddable":true,"href":"https:\/\/corrientesdetarde.com\/index.php\/wp-json\/wp\/v2\/users\/3"}],"replies":[{"embeddable":true,"href":"https:\/\/corrientesdetarde.com\/index.php\/wp-json\/wp\/v2\/comments?post=220015"}],"version-history":[{"count":1,"href":"https:\/\/corrientesdetarde.com\/index.php\/wp-json\/wp\/v2\/posts\/220015\/revisions"}],"predecessor-version":[{"id":220024,"href":"https:\/\/corrientesdetarde.com\/index.php\/wp-json\/wp\/v2\/posts\/220015\/revisions\/220024"}],"wp:featuredmedia":[{"embeddable":true,"href":"https:\/\/corrientesdetarde.com\/index.php\/wp-json\/wp\/v2\/media\/220021"}],"wp:attachment":[{"href":"https:\/\/corrientesdetarde.com\/index.php\/wp-json\/wp\/v2\/media?parent=220015"}],"wp:term":[{"taxonomy":"category","embeddable":true,"href":"https:\/\/corrientesdetarde.com\/index.php\/wp-json\/wp\/v2\/categories?post=220015"},{"taxonomy":"post_tag","embeddable":true,"href":"https:\/\/corrientesdetarde.com\/index.php\/wp-json\/wp\/v2\/tags?post=220015"}],"curies":[{"name":"wp","href":"https:\/\/api.w.org\/{rel}","templated":true}]}}