{"id":220017,"date":"2025-08-01T08:00:39","date_gmt":"2025-08-01T11:00:39","guid":{"rendered":"https:\/\/corrientesdetarde.com\/?p=220017"},"modified":"2025-08-01T08:00:40","modified_gmt":"2025-08-01T11:00:40","slug":"corrientes-vive-en-este-1-de-agosto-la-tradicion-de-la-cana-con-ruda","status":"publish","type":"post","link":"https:\/\/corrientesdetarde.com\/index.php\/actualidad\/corrientes-vive-en-este-1-de-agosto-la-tradicion-de-la-cana-con-ruda\/","title":{"rendered":"Corrientes vive en este 1 de agosto la tradici\u00f3n de la ca\u00f1a con ruda"},"content":{"rendered":"\n<p>Desde las 8, los vecinos y visitantes podr\u00e1n tomar los tres sorbos de carrulim en plazas y espacios culturales de la ciudad. De esta manera, la Municipalidad de Corrientes invita a ser parte de este rito ancestral para alejar lo malo, atraer lo bueno y agradecer a la Madre Tierra.<\/p>\n\n\n\n<p>La tradici\u00f3n de los tres tragos de la ca\u00f1a con ruda cada 1 de agosto est\u00e1 muy arraigada en la cultura correntina. Por tal motivo, la Municipalidad de Corrientes invita a vecinos y turistas a participar, desde las 8, a tomar la bebida para celebrar el D\u00eda de la Pachamama. La propuesta se llevar\u00e1 a cabo en diferentes plazas y centros culturales, con acceso libre y gratuito.<\/p>\n\n\n\n<p>Esta bebida se ofrece como parte de una costumbre popular ligada a la protecci\u00f3n contra enfermedades, el inicio del mes de agosto y la conexi\u00f3n con la tierra. La actividad busca revalorizar ra\u00edces culturales locales y acercar a la comunidad a rituales que atraviesan generaciones.<\/p>\n\n\n\n<p>&#8220;En esta oportunidad, queremos brindarle a cada vecino que cerca de su casa pueda acercarse a tomar los tres traguitos de ca\u00f1a con ruda para seguir sosteniendo las tradiciones y tambi\u00e9n disfrutar de m\u00fasica y la posibilidad de compartir&#8221;, se\u00f1al\u00f3 el secretario de Cultura y Educaci\u00f3n, Jos\u00e9 Sand.<\/p>\n\n\n\n<p>Tambi\u00e9n record\u00f3 un dicho popular: &#8220;En julio se prepara, agosto se lo lleva&#8221;, que se refiere a una creencia, especialmente arraigada en estas zonas, que asocia el mes de julio con la preparaci\u00f3n para las enfermedades y dificultades que tradicionalmente se asociaban con agosto.<\/p>\n\n\n\n<p>Agosto era visto como un mes peligroso, asociado a enfermedades y muertes, especialmente en el pasado cuando la medicina no estaba tan desarrollada. Por ello, se convierte en una oportunidad para &#8220;espantar todos los males&#8221;.<\/p>\n\n\n\n<p>La Municipalidad invitar\u00e1 a tomar ca\u00f1a con ruda en los siguientes espacios culturales: Casa Molinas (Carlos Pellegrini 937), Casa del Bicentenario (avenida Laprida y Caracas) y en el Centro Cultural Adolfo Mors (Carlos Pellegrini 542).<\/p>\n\n\n\n<figure class=\"wp-block-image\"><img decoding=\"async\" src=\"https:\/\/www.diarioepoca.com\/content\/bucket\/7\/1441477w380h133c.jpg.webp\" alt=\"\"\/><\/figure>\n\n\n\n<p>Tambi\u00e9n en espacios p\u00fablicos del centro: plaza Cabral (Jun\u00edn y San Lorenzo), plaza Vera (Jun\u00edn entre La Rioja y San Juan) y plazoleta Casco (25 de Mayo y Mendoza).<\/p>\n\n\n\n<p>Adem\u00e1s de la ca\u00f1a con ruda, el encuentro en los espacios culturales incluir\u00e1 una celebraci\u00f3n simb\u00f3lica del D\u00eda de la Pachamama, honrando la fertilidad de la tierra y los saberes de los pueblos originarios.<\/p>\n\n\n\n<p>Desde la secretar\u00eda de Cultura municipal, destacaron que estas actividades forman parte del calendario de acciones para preservar y difundir las tradiciones correntinas. La invitaci\u00f3n est\u00e1 abierta a toda la comunidad.<\/p>\n","protected":false},"excerpt":{"rendered":"<p>Desde las 8, los vecinos y visitantes podr\u00e1n tomar los tres sorbos de carrulim en plazas y espacios culturales de la ciudad. De esta manera, la Municipalidad de Corrientes invita&hellip; <\/p>\n","protected":false},"author":3,"featured_media":220022,"comment_status":"closed","ping_status":"open","sticky":false,"template":"","format":"standard","meta":{"footnotes":""},"categories":[23],"tags":[],"class_list":["post-220017","post","type-post","status-publish","format-standard","has-post-thumbnail","hentry","category-actualidad"],"_links":{"self":[{"href":"https:\/\/corrientesdetarde.com\/index.php\/wp-json\/wp\/v2\/posts\/220017","targetHints":{"allow":["GET"]}}],"collection":[{"href":"https:\/\/corrientesdetarde.com\/index.php\/wp-json\/wp\/v2\/posts"}],"about":[{"href":"https:\/\/corrientesdetarde.com\/index.php\/wp-json\/wp\/v2\/types\/post"}],"author":[{"embeddable":true,"href":"https:\/\/corrientesdetarde.com\/index.php\/wp-json\/wp\/v2\/users\/3"}],"replies":[{"embeddable":true,"href":"https:\/\/corrientesdetarde.com\/index.php\/wp-json\/wp\/v2\/comments?post=220017"}],"version-history":[{"count":1,"href":"https:\/\/corrientesdetarde.com\/index.php\/wp-json\/wp\/v2\/posts\/220017\/revisions"}],"predecessor-version":[{"id":220023,"href":"https:\/\/corrientesdetarde.com\/index.php\/wp-json\/wp\/v2\/posts\/220017\/revisions\/220023"}],"wp:featuredmedia":[{"embeddable":true,"href":"https:\/\/corrientesdetarde.com\/index.php\/wp-json\/wp\/v2\/media\/220022"}],"wp:attachment":[{"href":"https:\/\/corrientesdetarde.com\/index.php\/wp-json\/wp\/v2\/media?parent=220017"}],"wp:term":[{"taxonomy":"category","embeddable":true,"href":"https:\/\/corrientesdetarde.com\/index.php\/wp-json\/wp\/v2\/categories?post=220017"},{"taxonomy":"post_tag","embeddable":true,"href":"https:\/\/corrientesdetarde.com\/index.php\/wp-json\/wp\/v2\/tags?post=220017"}],"curies":[{"name":"wp","href":"https:\/\/api.w.org\/{rel}","templated":true}]}}