{"id":220019,"date":"2025-08-01T08:01:57","date_gmt":"2025-08-01T11:01:57","guid":{"rendered":"https:\/\/corrientesdetarde.com\/?p=220019"},"modified":"2025-08-01T08:02:09","modified_gmt":"2025-08-01T11:02:09","slug":"regatas-sumo-otra-renovacion-con-la-continuidad-del-chaqueno-lugo","status":"publish","type":"post","link":"https:\/\/corrientesdetarde.com\/index.php\/deportes\/regatas-sumo-otra-renovacion-con-la-continuidad-del-chaqueno-lugo\/","title":{"rendered":"Regatas sum\u00f3 otra renovaci\u00f3n con la continuidad del chaque\u00f1o Lugo"},"content":{"rendered":"\n<p>El alero de 27 a\u00f1os, nacido en Resistencia, seguir\u00e1 una temporada m\u00e1s en el remero para disputar este a\u00f1o la fase regular y el comienzo de la Liga Sudamericana.<\/p>\n\n\n\n<p>La dirigencia del Club de Regatas Corrientes trabaj\u00f3 para poder mantener una importante base del equipo que alcanz\u00f3 las de la pasada campa\u00f1a. Ahora, logr\u00f3 la continuidad de Sebasti\u00e1n Lugo de cara a la temporada 2025\/26 de la Liga Nacional de B\u00e1squetbol (LNB).<\/p>\n\n\n\n<p>El alero de 27 a\u00f1os (26 de marzo de 1998) y 1,97 metros de altura, nacido en Resistencia hab\u00eda llegado en la mitad de la pasada temporada proveniente de San Lorenzo de y se transform\u00f3 en un hombre importante a lo largo del torneo donde el Remero termin\u00f3 entre los cuatro mejores.<\/p>\n\n\n\n<p>La pasada temporada jugando para el cicl\u00f3n hab\u00eda disputado un total de 12 partidos en la LNB con la camiseta del cuervo, donde promedi\u00f3 14,5 puntos, 4,6 rebotes y 2,8 asistencias. Tambi\u00e9n fue clave en San Lorenzo en el subcampeonato conseguido en la Liga Sudamericana.<\/p>\n\n\n\n<p>All\u00ed jug\u00f3 los seis partidos del certamen con 34 minutos en cancha, donde promedi\u00f3 alt\u00edsimos n\u00fameros: 20 puntos, 6,2 rebotes y 1,5 asistencias. Luego, en el remero jug\u00f3 32 encuentros con 25 minutos por partido, donde promedi\u00f3 6,8 puntos, 4,2 rebotes y asistencias. Lugo debut\u00f3 en la m\u00e1xima categor\u00eda en el 2016 con Quimsa de Santiago del Estero, club con el que estuvo por seis a\u00f1os hasta 2022, a\u00f1o en el que lleg\u00f3 a San Lorenzo.<\/p>\n\n\n\n<figure class=\"wp-block-image\"><img decoding=\"async\" src=\"https:\/\/www.diarioepoca.com\/content\/bucket\/7\/1441497w380h133c.jpg.webp\" alt=\"\"\/><\/figure>\n\n\n\n<p>En el medio, tambi\u00e9n tuvo un paso en la Liga Argentina jugando para Independiente de Santiago del Estero.<\/p>\n\n\n\n<p>De este modo, el chaque\u00f1o consolida la gran base del equipo de la pasada temporada que continuar\u00e1 con Juan Varas como entrenador principal. Adem\u00e1s, en el equipo ya est\u00e1n Fabi\u00e1n Ram\u00edrez Barrios, Aguirre, Andr\u00e9s, Luis Santos y Juan Pablo. El equipo correntino tendr\u00e1 doble competencia en la pr\u00f3xima , ya que tambi\u00e9n tendr\u00e1 actividad internacional porque jugar\u00e1 la Liga Sudamericana.<\/p>\n\n\n\n<figure class=\"wp-block-image\"><img decoding=\"async\" src=\"https:\/\/www.diarioepoca.com\/content\/bucket\/5\/1441495w380h571c.jpg.webp\" alt=\"\"\/><\/figure>\n\n\n\n<h2 class=\"wp-block-heading\">Frontera renov\u00f3 su v\u00ednculo con Argentino<\/h2>\n\n\n\n<p>Argentino de Jun\u00edn confirm\u00f3 la continuidad de Jerem\u00edas Frontera para afrontar la temporada 2025\/2026 de la Liga Nacional de B\u00e1squetbol. En la \u00faltima temporada de Argentino, el base fue uno de los jugadores m\u00e1s regulares del plantel donde disput\u00f3 38 de los 42 partidos de la temporada, liderando el equipo junto a Manuel G\u00f3mez y Tom\u00e1s Allende.<\/p>\n","protected":false},"excerpt":{"rendered":"<p>El alero de 27 a\u00f1os, nacido en Resistencia, seguir\u00e1 una temporada m\u00e1s en el remero para disputar este a\u00f1o la fase regular y el comienzo de la Liga Sudamericana. La&hellip; <\/p>\n","protected":false},"author":3,"featured_media":220025,"comment_status":"closed","ping_status":"open","sticky":false,"template":"","format":"standard","meta":{"footnotes":""},"categories":[4],"tags":[],"class_list":["post-220019","post","type-post","status-publish","format-standard","has-post-thumbnail","hentry","category-deportes"],"_links":{"self":[{"href":"https:\/\/corrientesdetarde.com\/index.php\/wp-json\/wp\/v2\/posts\/220019","targetHints":{"allow":["GET"]}}],"collection":[{"href":"https:\/\/corrientesdetarde.com\/index.php\/wp-json\/wp\/v2\/posts"}],"about":[{"href":"https:\/\/corrientesdetarde.com\/index.php\/wp-json\/wp\/v2\/types\/post"}],"author":[{"embeddable":true,"href":"https:\/\/corrientesdetarde.com\/index.php\/wp-json\/wp\/v2\/users\/3"}],"replies":[{"embeddable":true,"href":"https:\/\/corrientesdetarde.com\/index.php\/wp-json\/wp\/v2\/comments?post=220019"}],"version-history":[{"count":1,"href":"https:\/\/corrientesdetarde.com\/index.php\/wp-json\/wp\/v2\/posts\/220019\/revisions"}],"predecessor-version":[{"id":220032,"href":"https:\/\/corrientesdetarde.com\/index.php\/wp-json\/wp\/v2\/posts\/220019\/revisions\/220032"}],"wp:featuredmedia":[{"embeddable":true,"href":"https:\/\/corrientesdetarde.com\/index.php\/wp-json\/wp\/v2\/media\/220025"}],"wp:attachment":[{"href":"https:\/\/corrientesdetarde.com\/index.php\/wp-json\/wp\/v2\/media?parent=220019"}],"wp:term":[{"taxonomy":"category","embeddable":true,"href":"https:\/\/corrientesdetarde.com\/index.php\/wp-json\/wp\/v2\/categories?post=220019"},{"taxonomy":"post_tag","embeddable":true,"href":"https:\/\/corrientesdetarde.com\/index.php\/wp-json\/wp\/v2\/tags?post=220019"}],"curies":[{"name":"wp","href":"https:\/\/api.w.org\/{rel}","templated":true}]}}