{"id":220027,"date":"2025-08-01T08:04:36","date_gmt":"2025-08-01T11:04:36","guid":{"rendered":"https:\/\/corrientesdetarde.com\/?p=220027"},"modified":"2025-08-01T08:04:48","modified_gmt":"2025-08-01T11:04:48","slug":"comienza-un-fin-de-semana-con-tradiciones-ferias-taller-de-carnaval-musica-y-literatura","status":"publish","type":"post","link":"https:\/\/corrientesdetarde.com\/index.php\/locales\/comienza-un-fin-de-semana-con-tradiciones-ferias-taller-de-carnaval-musica-y-literatura\/","title":{"rendered":"Comienza un fin de semana con tradiciones, ferias, taller de carnaval, m\u00fasica y literatura"},"content":{"rendered":"\n<p>Este viernes, la Municipalidad de Corrientes invita a tomar ca\u00f1a con ruda.&nbsp;<\/p>\n\n\n\n<p>Desde hoy y hasta el domingo, la Municipalidad de Corrientes pondr\u00e1 a disposici\u00f3n de grandes y chicos una serie de propuestas para disfrutar de forma gratuita y al aire libre. Habr\u00e1 ferias en distintos puntos de la ciudad, degustaci\u00f3n de la tradicional ca\u00f1a con ruda para recibir con todo este 1 de agosto, encuentros literarios y m\u00fasica chamamecera.<\/p>\n\n\n\n<p>La tradicional Feria de Artesanos tendr\u00e1 lugar, de 9 a 22, en la plaza Cabral, como siempre con una amplia variedad de creaciones \u00fanicas y productos locales. Mientras que el s\u00e1bado y domingo, en el mismo horario, se trasladar\u00e1 a Costanera Sur y Las Heras, brindando una oportunidad para disfrutar del paseo junto al r\u00edo y descubrir piezas \u00fanicas realizadas por emprendedores locales. Se podr\u00e1n adquirir productos en cuero, madera, tejido, dulces regionales, comidas t\u00edpicas y floricultura.<\/p>\n\n\n\n<p>En el Parque Mitre, tanto el s\u00e1bado 2 de agosto como el domingo 3, de 8 a 21, se podr\u00e1n adquirir productos artesanales, plantas ornamentales, hortalizas frescas, alimentos elaborados, jugos y dulces regionales, en el 25\u00ba Encuentro Provincial de Ferias. M\u00e1s de 100 productores y artesanos capitalinos que forman parte de las propuestas municipales Ferias de la Ciudad y Ciudad Dise\u00f1o, se suman al encuentro que congregar\u00e1 a m\u00e1s de 400 participantes. Habr\u00e1 adem\u00e1s espect\u00e1culos art\u00edsticos y actividades para grandes y chicos.<\/p>\n\n\n\n<p>El s\u00e1bado 2 de agosto, desde las 18, se realizar\u00e1 un encuentro literario denominado &#8220;Noche de las Letras Oscuras&#8221; en Casa Molinas (Carlos Pellegrini 937). Un espacio para sumergirse en relatos del g\u00e9nero g\u00f3tico: lecturas y conversaciones en un ambiente literario. La conducci\u00f3n estar\u00e1 a cargo de las escritoras Elena Flores y Luxiana Ram\u00edrez con la participaci\u00f3n especial de Avelino N\u00fa\u00f1ez y la actuaci\u00f3n en vivo del solista de guitarra Juan Alarc\u00f3n.<\/p>\n\n\n\n<p>De 15 a 18, en el Ex Regimiento 9 (3 de Abril y avenida Costanera General San Mart\u00edn) se dictar\u00e1 un taller gratuito de estructuras y emplumado para carnaval sin soldadura, tocados y espaldarines. Para m\u00e1s informaci\u00f3n comunicarse al: 3794-279020 o al correo:&nbsp;culturayeducacionmcc@gmail.com.<\/p>\n\n\n\n<p>Ma\u00f1ana se realizar\u00e1 el habitual circuito tur\u00edstico &#8220;Descubr\u00ed Corrientes&#8221; con un recorrido guiado por los atractivos de la ciudad. En esta oportunidad ser\u00e1 en la plaza 25 de Mayo y sus alrededores, con el punto de encuentro en el Monumento al General San Mart\u00edn, de 18 a 20.<\/p>\n\n\n\n<p>Asimismo, el domingo la visita guiada ser\u00e1 al cementerio San Juan Bautista, de 18 a 20, donde se hablar\u00e1 sobre historia, mitos y leyendas. La Municipalidad pondr\u00e1 a disposici\u00f3n un colectivo con salida desde la iglesia Catedral, a las 17:30 (puntual). Inscripci\u00f3n: https:\/\/visitcorrientes.tur.ar\/descubri\/<\/p>\n\n\n\n<p>Como es habitual, el domingo la Pe\u00f1a Oficial de la Ciudad tendr\u00e1 su epicentro en la rotonda Plaza Espa\u00f1a (avenida Pujol y Pellegrini), desde las 17. Subir\u00e1n al escenario: el elenco municipal Corrientes Norte, Rogelio Almir\u00f3n y los Almir\u00f3n, Juancito Ben\u00edtez, Anike Nde Resarai, conjunto San Antonio, Kevin Gonz\u00e1lez, N\u00fa\u00f1ez Ram\u00edrez con el acorde\u00f3n de Maxi Soto Fern\u00e1ndez.<\/p>\n","protected":false},"excerpt":{"rendered":"<p>Este viernes, la Municipalidad de Corrientes invita a tomar ca\u00f1a con ruda.&nbsp; Desde hoy y hasta el domingo, la Municipalidad de Corrientes pondr\u00e1 a disposici\u00f3n de grandes y chicos una&hellip; <\/p>\n","protected":false},"author":3,"featured_media":220033,"comment_status":"closed","ping_status":"open","sticky":false,"template":"","format":"standard","meta":{"footnotes":""},"categories":[8],"tags":[],"class_list":["post-220027","post","type-post","status-publish","format-standard","has-post-thumbnail","hentry","category-locales"],"_links":{"self":[{"href":"https:\/\/corrientesdetarde.com\/index.php\/wp-json\/wp\/v2\/posts\/220027","targetHints":{"allow":["GET"]}}],"collection":[{"href":"https:\/\/corrientesdetarde.com\/index.php\/wp-json\/wp\/v2\/posts"}],"about":[{"href":"https:\/\/corrientesdetarde.com\/index.php\/wp-json\/wp\/v2\/types\/post"}],"author":[{"embeddable":true,"href":"https:\/\/corrientesdetarde.com\/index.php\/wp-json\/wp\/v2\/users\/3"}],"replies":[{"embeddable":true,"href":"https:\/\/corrientesdetarde.com\/index.php\/wp-json\/wp\/v2\/comments?post=220027"}],"version-history":[{"count":1,"href":"https:\/\/corrientesdetarde.com\/index.php\/wp-json\/wp\/v2\/posts\/220027\/revisions"}],"predecessor-version":[{"id":220035,"href":"https:\/\/corrientesdetarde.com\/index.php\/wp-json\/wp\/v2\/posts\/220027\/revisions\/220035"}],"wp:featuredmedia":[{"embeddable":true,"href":"https:\/\/corrientesdetarde.com\/index.php\/wp-json\/wp\/v2\/media\/220033"}],"wp:attachment":[{"href":"https:\/\/corrientesdetarde.com\/index.php\/wp-json\/wp\/v2\/media?parent=220027"}],"wp:term":[{"taxonomy":"category","embeddable":true,"href":"https:\/\/corrientesdetarde.com\/index.php\/wp-json\/wp\/v2\/categories?post=220027"},{"taxonomy":"post_tag","embeddable":true,"href":"https:\/\/corrientesdetarde.com\/index.php\/wp-json\/wp\/v2\/tags?post=220027"}],"curies":[{"name":"wp","href":"https:\/\/api.w.org\/{rel}","templated":true}]}}