{"id":220029,"date":"2025-08-01T08:04:51","date_gmt":"2025-08-01T11:04:51","guid":{"rendered":"https:\/\/corrientesdetarde.com\/?p=220029"},"modified":"2025-08-01T08:04:52","modified_gmt":"2025-08-01T11:04:52","slug":"enemigas-intimas-trae-su-comedia-al-vera","status":"publish","type":"post","link":"https:\/\/corrientesdetarde.com\/index.php\/cultura\/enemigas-intimas-trae-su-comedia-al-vera\/","title":{"rendered":"&#8220;Enemigas \u00edntimas&#8221; trae su comedia al Vera"},"content":{"rendered":"\n<p>El teatro Vera presentar\u00e1 la comedia teatral &#8220;Enemigas \u00edntimas&#8221;, protagonizada por Luisa Albinoni y Carmen Barbieri, el s\u00e1bado 16 de agosto, desde las 21:30. Una propuesta de desopilante show donde el humor, la m\u00fasica y la emoci\u00f3n se entrelazan con el brillo del espect\u00e1culo.<\/p>\n\n\n\n<p>Dos grandes divas del teatro de revista argentino se suben al escenario para contarse la vida y cantarse las cuarenta.<\/p>\n\n\n\n<p>Entre an\u00e9cdotas explosivas, confesiones inesperadas y canciones memorables, Carmen y Luisa recrean con iron\u00eda y picard\u00eda los grandes momentos de sus trayectorias art\u00edsticas, amores, peleas, reconciliaciones y ese v\u00ednculo \u00fanico que solo pueden tener dos enemigas \u00edntimas.<\/p>\n\n\n\n<p>Con un vestuario deslumbrante, mucho glamour y un humor filoso, este espect\u00e1culo celebra la amistad, la rivalidad y la pasi\u00f3n por el teatro. Risas, emoci\u00f3n en una noche inolvidable propone la obra dirigida por Gustavo Enrietti, con m\u00fasica de Dany Vila.<\/p>\n\n\n\n<p>Las entradas ya est\u00e1n a la venta en la ticketera local weepas.ar y pueden adquirirse con tarjetas de d\u00e9bito, cr\u00e9dito y mediante transferencias desde billeteras virtuales en https:\/\/tinyurl.com\/3dujm4rd.<\/p>\n","protected":false},"excerpt":{"rendered":"<p>El teatro Vera presentar\u00e1 la comedia teatral &#8220;Enemigas \u00edntimas&#8221;, protagonizada por Luisa Albinoni y Carmen Barbieri, el s\u00e1bado 16 de agosto, desde las 21:30. Una propuesta de desopilante show donde&hellip; <\/p>\n","protected":false},"author":3,"featured_media":220034,"comment_status":"closed","ping_status":"open","sticky":false,"template":"","format":"standard","meta":{"footnotes":""},"categories":[15],"tags":[],"class_list":["post-220029","post","type-post","status-publish","format-standard","has-post-thumbnail","hentry","category-cultura"],"_links":{"self":[{"href":"https:\/\/corrientesdetarde.com\/index.php\/wp-json\/wp\/v2\/posts\/220029","targetHints":{"allow":["GET"]}}],"collection":[{"href":"https:\/\/corrientesdetarde.com\/index.php\/wp-json\/wp\/v2\/posts"}],"about":[{"href":"https:\/\/corrientesdetarde.com\/index.php\/wp-json\/wp\/v2\/types\/post"}],"author":[{"embeddable":true,"href":"https:\/\/corrientesdetarde.com\/index.php\/wp-json\/wp\/v2\/users\/3"}],"replies":[{"embeddable":true,"href":"https:\/\/corrientesdetarde.com\/index.php\/wp-json\/wp\/v2\/comments?post=220029"}],"version-history":[{"count":1,"href":"https:\/\/corrientesdetarde.com\/index.php\/wp-json\/wp\/v2\/posts\/220029\/revisions"}],"predecessor-version":[{"id":220036,"href":"https:\/\/corrientesdetarde.com\/index.php\/wp-json\/wp\/v2\/posts\/220029\/revisions\/220036"}],"wp:featuredmedia":[{"embeddable":true,"href":"https:\/\/corrientesdetarde.com\/index.php\/wp-json\/wp\/v2\/media\/220034"}],"wp:attachment":[{"href":"https:\/\/corrientesdetarde.com\/index.php\/wp-json\/wp\/v2\/media?parent=220029"}],"wp:term":[{"taxonomy":"category","embeddable":true,"href":"https:\/\/corrientesdetarde.com\/index.php\/wp-json\/wp\/v2\/categories?post=220029"},{"taxonomy":"post_tag","embeddable":true,"href":"https:\/\/corrientesdetarde.com\/index.php\/wp-json\/wp\/v2\/tags?post=220029"}],"curies":[{"name":"wp","href":"https:\/\/api.w.org\/{rel}","templated":true}]}}