{"id":220042,"date":"2025-08-01T09:00:50","date_gmt":"2025-08-01T12:00:50","guid":{"rendered":"https:\/\/corrientesdetarde.com\/?p=220042"},"modified":"2025-08-01T09:01:02","modified_gmt":"2025-08-01T12:01:02","slug":"el-concejo-otorgo-una-distincion-post-mortem-a-ramona-galarza","status":"publish","type":"post","link":"https:\/\/corrientesdetarde.com\/index.php\/informacion-general\/el-concejo-otorgo-una-distincion-post-mortem-a-ramona-galarza\/","title":{"rendered":"El Concejo otorg\u00f3 una distinci\u00f3n post mortem a Ramona Galarza"},"content":{"rendered":"\n<p>Se trata del reconocimiento \u00d1anderek\u00f3, que fue instituido el a\u00f1o pasado para honrar la obra y el legado de las personas destacadas en el \u00e1mbito del chamam\u00e9, ya sea en canto, m\u00fasica, danza o poes\u00eda. &#8220;La novia del Paran\u00e1&#8221; grab\u00f3 m\u00e1s de 30 discos y defendi\u00f3 el acerbo local.<\/p>\n\n\n\n<p>El Concejo Deliberante capitalino (HCD) realiz\u00f3 ayer su decimoquinta sesi\u00f3n ordinaria del per\u00edodo 2025. Durante el plenario, se aprob\u00f3 el otorgamiento del reconocimiento \u00d1anderek\u00f3 post mortem a la compositora, cantante y difusora del folclore del litoral Ramona Galarza, figura se\u00f1era del chamam\u00e9.<\/p>\n\n\n\n<p>De acuerdo a lo precisado desde el legislativo comunal, el objetivo trazado con la citada distinci\u00f3n es rendir homenaje a &#8220;La novia del Paran\u00e1&#8221;, quien populariz\u00f3 obras indispensables del cancionero litorale\u00f1o.<\/p>\n\n\n\n<p>Ramona Modesta Onetto Galarza, naci\u00f3 en Corrientes el 15 de junio de 1940 y fue una de las m\u00e1ximas exponentes del chamam\u00e9 y la m\u00fasica litorale\u00f1a.<\/p>\n\n\n\n<p>A lo largo de su carrera grab\u00f3 m\u00e1s de treinta discos y particip\u00f3 en nueve pel\u00edculas, llevando su voz y el sentir del Litoral a escenarios de todo el pa\u00eds y del extranjero. Fue una de las primeras artistas en popularizar canciones que hoy forman parte del cancionero tradicional, como &#8220;Merceditas&#8221;, &#8220;Pescador y guitarrero&#8221;, &#8220;La vestido celeste&#8221;, &#8220;Virgencita de Caacup\u00e9&#8221; y su inolvidable versi\u00f3n en guaran\u00ed de &#8220;Kil\u00f3metro 11&#8221;.<\/p>\n\n\n\n<p>Su estilo inconfundible, su defensa de la cultura guaran\u00ed y su capacidad de emocionar con cada interpretaci\u00f3n la convirtieron en una embajadora de la m\u00fasica del Nordeste. Falleci\u00f3 el 22 de septiembre de 2020 en Buenos Aires, pero su legado sigue vivo en la memoria colectiva y en cada acorde de chamam\u00e9 que suena en el pa\u00eds.<\/p>\n\n\n\n<p>En este sentido, vale consignar que entre las propuestas que ingresaron esta semana al cuerpo deliberativo citadino se destac\u00f3 la que busca instituir este mismo reconocimiento (\u00d1anderek\u00f3 post mortem) al acordeonista, autor y compositor Ernesto Montiel, este expediente fue girado para su an\u00e1lisis pormenorizado a la comisi\u00f3n de Cultura.<\/p>\n\n\n\n<p>Se trata de uno de los pioneros del chamam\u00e9 y la m\u00fasica litorale\u00f1a, de Argentina, que, en 1942, junto con Isaco Abitbol, form\u00f3 el Cuarteto Santa Ana, primer conjunto de este genero musical que alcanz\u00f3 la fama masiva.<\/p>\n\n\n\n<h2 class=\"wp-block-heading\">\u00bfDe qu\u00e9 se trata?<\/h2>\n\n\n\n<p>El reconocimiento \u00d1anderek\u00f3, otorgado por el Concejo Deliberante local, es una distinci\u00f3n destinada a personas destacadas en el \u00e1mbito del chamam\u00e9, ya sea en canto, m\u00fasica, danza o poes\u00eda.<\/p>\n\n\n\n<p>Busca valorar la trayectoria y el aporte cultural de individuos que han contribuido significativamente a la difusi\u00f3n y preservaci\u00f3n de esta expresi\u00f3n musical. Fue instituido en agosto del a\u00f1o pasado a trav\u00e9s de la ordenanza 7504.<\/p>\n\n\n\n<p>Es de mencionar adem\u00e1s que durante el citado encuentro parlamentario, los ediles tambi\u00e9n le dieron el visto bueno a que se imponga el nombre &#8220;Coronel Juan Genaro Ber\u00f3n de Astrada&#8221; a la plazoleta ubicada en Cosqu\u00edn entre avenida Sarmiento y Felipe Bonastre, del barrio Ex Aero Club.<\/p>\n\n\n\n<p>Por otra parte, se declar\u00f3 de Inter\u00e9s del HCD la Segunda Jornada de Discapacidad a desarrollarse el 1 de agosto, 5 de septiembre, 3 de octubre y 7 de noviembre. Lo mismo ocurri\u00f3 la sexta edici\u00f3n del Hanami Fest (10 de agosto) y la celebraci\u00f3n de San Cayetano (7 de agosto).<\/p>\n","protected":false},"excerpt":{"rendered":"<p>Se trata del reconocimiento \u00d1anderek\u00f3, que fue instituido el a\u00f1o pasado para honrar la obra y el legado de las personas destacadas en el \u00e1mbito del chamam\u00e9, ya sea en&hellip; <\/p>\n","protected":false},"author":3,"featured_media":220050,"comment_status":"closed","ping_status":"open","sticky":false,"template":"","format":"standard","meta":{"footnotes":""},"categories":[1],"tags":[],"class_list":["post-220042","post","type-post","status-publish","format-standard","has-post-thumbnail","hentry","category-informacion-general"],"_links":{"self":[{"href":"https:\/\/corrientesdetarde.com\/index.php\/wp-json\/wp\/v2\/posts\/220042","targetHints":{"allow":["GET"]}}],"collection":[{"href":"https:\/\/corrientesdetarde.com\/index.php\/wp-json\/wp\/v2\/posts"}],"about":[{"href":"https:\/\/corrientesdetarde.com\/index.php\/wp-json\/wp\/v2\/types\/post"}],"author":[{"embeddable":true,"href":"https:\/\/corrientesdetarde.com\/index.php\/wp-json\/wp\/v2\/users\/3"}],"replies":[{"embeddable":true,"href":"https:\/\/corrientesdetarde.com\/index.php\/wp-json\/wp\/v2\/comments?post=220042"}],"version-history":[{"count":1,"href":"https:\/\/corrientesdetarde.com\/index.php\/wp-json\/wp\/v2\/posts\/220042\/revisions"}],"predecessor-version":[{"id":220093,"href":"https:\/\/corrientesdetarde.com\/index.php\/wp-json\/wp\/v2\/posts\/220042\/revisions\/220093"}],"wp:featuredmedia":[{"embeddable":true,"href":"https:\/\/corrientesdetarde.com\/index.php\/wp-json\/wp\/v2\/media\/220050"}],"wp:attachment":[{"href":"https:\/\/corrientesdetarde.com\/index.php\/wp-json\/wp\/v2\/media?parent=220042"}],"wp:term":[{"taxonomy":"category","embeddable":true,"href":"https:\/\/corrientesdetarde.com\/index.php\/wp-json\/wp\/v2\/categories?post=220042"},{"taxonomy":"post_tag","embeddable":true,"href":"https:\/\/corrientesdetarde.com\/index.php\/wp-json\/wp\/v2\/tags?post=220042"}],"curies":[{"name":"wp","href":"https:\/\/api.w.org\/{rel}","templated":true}]}}