{"id":220044,"date":"2025-08-01T09:00:52","date_gmt":"2025-08-01T12:00:52","guid":{"rendered":"https:\/\/corrientesdetarde.com\/?p=220044"},"modified":"2025-08-01T09:00:53","modified_gmt":"2025-08-01T12:00:53","slug":"milei-culpo-a-villarruel-y-al-kirchnerismo-por-la-suba-del-dolar","status":"publish","type":"post","link":"https:\/\/corrientesdetarde.com\/index.php\/actualidad\/milei-culpo-a-villarruel-y-al-kirchnerismo-por-la-suba-del-dolar\/","title":{"rendered":"Milei culp\u00f3 a Villarruel y al kirchnerismo por la suba del d\u00f3lar"},"content":{"rendered":"\n<p>El Presidente sostuvo que hubo un intento deliberado de desestabilizar al Gobierno. Tambi\u00e9n apunt\u00f3 contra Stiglitz y confirm\u00f3 que ya trabaja en su reelecci\u00f3n de 2027.<\/p>\n\n\n\n<p>El presidente Javier Milei asegur\u00f3 que la reciente suba del d\u00f3lar, que este jueves toc\u00f3 los $1380, fue provocada intencionalmente por actores pol\u00edticos que buscan &#8220;hacer da\u00f1o&#8221; a su Gobierno. Entre sus acusaciones, apunt\u00f3 directamente contra la vicepresidenta Victoria Villarruel, a quien calific\u00f3 nuevamente como &#8220;traidora&#8221;.<\/p>\n\n\n\n<p>&nbsp;Seg\u00fan Milei, la sesi\u00f3n en el Senado impulsada por la oposici\u00f3n fue la chispa que encendi\u00f3 una &#8220;corrida especulativa&#8221;, con el objetivo de romper el equilibrio fiscal. &#8220;Fue un ataque directo a nuestra pol\u00edtica econ\u00f3mica&#8221;, afirm\u00f3 en el streaming Neura, junto a su equipo econ\u00f3mico.<\/p>\n\n\n\n<p>En ese contexto, tambi\u00e9n desestim\u00f3 las cr\u00edticas del economista Joseph Stiglitz, quien alert\u00f3 sobre una posible nueva crisis si se mantiene el acuerdo con el FMI. Milei lo descalific\u00f3 duramente y lo coloc\u00f3 en el mismo &#8220;bando&#8221; que el kirchnerismo, al que acus\u00f3 de operar para provocar el colapso econ\u00f3mico.<\/p>\n\n\n\n<p>El mandatario defendi\u00f3 el desarme de las LEFI como una medida anticipatoria ante posibles intentos de sabotaje. &#8220;Sab\u00edamos que iban a jugar sucio&#8221;, dijo, aunque no aclar\u00f3 del todo a qui\u00e9nes se refer\u00eda.<\/p>\n\n\n\n<p>Adem\u00e1s, confirm\u00f3 que ya planifica su segundo mandato y se mostr\u00f3 confiado en ganar las presidenciales de 2027. Defini\u00f3 su actual estructura de gobierno como un &#8220;tri\u00e1ngulo pol\u00edtico&#8221; integrado por Santiago Caputo, Karina Milei y Guillermo Francos, con \u00e9l al frente de la gesti\u00f3n diaria.<\/p>\n","protected":false},"excerpt":{"rendered":"<p>El Presidente sostuvo que hubo un intento deliberado de desestabilizar al Gobierno. Tambi\u00e9n apunt\u00f3 contra Stiglitz y confirm\u00f3 que ya trabaja en su reelecci\u00f3n de 2027. El presidente Javier Milei&hellip; <\/p>\n","protected":false},"author":3,"featured_media":220051,"comment_status":"closed","ping_status":"open","sticky":false,"template":"","format":"standard","meta":{"footnotes":""},"categories":[23],"tags":[],"class_list":["post-220044","post","type-post","status-publish","format-standard","has-post-thumbnail","hentry","category-actualidad"],"_links":{"self":[{"href":"https:\/\/corrientesdetarde.com\/index.php\/wp-json\/wp\/v2\/posts\/220044","targetHints":{"allow":["GET"]}}],"collection":[{"href":"https:\/\/corrientesdetarde.com\/index.php\/wp-json\/wp\/v2\/posts"}],"about":[{"href":"https:\/\/corrientesdetarde.com\/index.php\/wp-json\/wp\/v2\/types\/post"}],"author":[{"embeddable":true,"href":"https:\/\/corrientesdetarde.com\/index.php\/wp-json\/wp\/v2\/users\/3"}],"replies":[{"embeddable":true,"href":"https:\/\/corrientesdetarde.com\/index.php\/wp-json\/wp\/v2\/comments?post=220044"}],"version-history":[{"count":1,"href":"https:\/\/corrientesdetarde.com\/index.php\/wp-json\/wp\/v2\/posts\/220044\/revisions"}],"predecessor-version":[{"id":220090,"href":"https:\/\/corrientesdetarde.com\/index.php\/wp-json\/wp\/v2\/posts\/220044\/revisions\/220090"}],"wp:featuredmedia":[{"embeddable":true,"href":"https:\/\/corrientesdetarde.com\/index.php\/wp-json\/wp\/v2\/media\/220051"}],"wp:attachment":[{"href":"https:\/\/corrientesdetarde.com\/index.php\/wp-json\/wp\/v2\/media?parent=220044"}],"wp:term":[{"taxonomy":"category","embeddable":true,"href":"https:\/\/corrientesdetarde.com\/index.php\/wp-json\/wp\/v2\/categories?post=220044"},{"taxonomy":"post_tag","embeddable":true,"href":"https:\/\/corrientesdetarde.com\/index.php\/wp-json\/wp\/v2\/tags?post=220044"}],"curies":[{"name":"wp","href":"https:\/\/api.w.org\/{rel}","templated":true}]}}