{"id":220046,"date":"2025-08-01T09:00:56","date_gmt":"2025-08-01T12:00:56","guid":{"rendered":"https:\/\/corrientesdetarde.com\/?p=220046"},"modified":"2025-08-01T09:00:57","modified_gmt":"2025-08-01T12:00:57","slug":"desde-goya-el-obispo-canecin-exhorto-a-no-naturalizar-la-trata","status":"publish","type":"post","link":"https:\/\/corrientesdetarde.com\/index.php\/interior\/desde-goya-el-obispo-canecin-exhorto-a-no-naturalizar-la-trata\/","title":{"rendered":"Desde Goya, el obispo Canec\u00edn exhort\u00f3 a no naturalizar la trata"},"content":{"rendered":"\n<p>El religioso inst\u00f3 a los ciudadanos de la di\u00f3cesis a involucrarse activamente para combatir ese flagelo social. Para ello, los areng\u00f3 a que se informen sobre la tem\u00e1tica y que ante una situaci\u00f3n sospechosa, no duden en denunciarla. Tambi\u00e9n pidi\u00f3 m\u00e1s compromiso a las autoridades.<\/p>\n\n\n\n<p>En virtud de la reciente conmemoraci\u00f3n del D\u00eda Mundial contra la Trata de Personas, distintas voces institucionales y de la sociedad civil en Corrientes realizaron un llamado urgente a no permanecer indiferentes ante esta forma moderna de esclavitud.<\/p>\n\n\n\n<p>La jornada, que por calendario tuvo lugar el mi\u00e9rcoles \u00faltimo, fue ocasi\u00f3n para visibilizar el delito, renovar el compromiso con las v\u00edctimas y denunciar las redes de explotaci\u00f3n que contin\u00faan operando en todo el pa\u00eds.<\/p>\n\n\n\n<figure class=\"wp-block-image\"><img decoding=\"async\" src=\"https:\/\/www.diarioepoca.com\/content\/bucket\/3\/1441473w380h282c.jpg.webp\" alt=\"\"\/><\/figure>\n\n\n\n<p>Es as\u00ed que en la ciudad de Goya, el obispo Adolfo Ram\u00f3n Canec\u00edn presidi\u00f3 una misa en la Catedral, acompa\u00f1ado por representantes de fuerzas federales, docentes, estudiantes e integrantes de la Red de Infancia Robada.<\/p>\n\n\n\n<p>Durante el oficio religioso, se rez\u00f3 especialmente por el esclarecimiento del caso de Loan Pe\u00f1a, el ni\u00f1o desaparecido en la localidad de 9 de Julio, en esta provincia, hace m\u00e1s de un a\u00f1o. Canec\u00edn inst\u00f3 a los ciudadanos a involucrarse activamente: &#8220;Invito a todos los ciudadanos a unirse a nosotros en la lucha contra la trata de personas&#8221;. Y remarc\u00f3: &#8220;De la trata en la Di\u00f3cesis de Goya, s\u00ed se habla. Porque cuando no hablamos de una problem\u00e1tica social, esta crece, se naturaliza y nos volvemos indiferentes&#8221;.<\/p>\n\n\n\n<figure class=\"wp-block-image\"><img decoding=\"async\" src=\"https:\/\/www.diarioepoca.com\/content\/bucket\/5\/1441475w380h209c.jpg.webp\" alt=\"\"\/><figcaption class=\"wp-element-caption\">PARTICIPARON FUERZAS FEDERALES, DOCENTES, ESTUDIANTES E INTEGRANTES DE LA RED DE INFANCIA ROBADA.<\/figcaption><\/figure>\n\n\n\n<p>En su mensaje llam\u00f3 adem\u00e1s a &#8220;comprometerse a ser parte del cambio&#8221; e inst\u00f3 a informarse sobre esta realidad y a trabajar en la prevenci\u00f3n, al tiempo que areng\u00f3 &#8220;ante alguna situaci\u00f3n sospechosa, denunciemos&#8221; destacando que en la localidad de Santa Lucia se instalaron los denominados &#8220;buzones de la esperanza&#8221; que permitieron la resoluci\u00f3n de varios casos, no solo relacionados con la trata sino tambi\u00e9n con el narcotr\u00e1fico y narcomenudeo.<\/p>\n\n\n\n<p>Es un mecanismo que permite denunciar en forma an\u00f3nima a los autores de este delito y expres\u00f3: &#8220;Ojal\u00e1 tambi\u00e9n se pueda lograr establecer estos buzones en otras localidades de esta Di\u00f3cesis.<\/p>\n\n\n\n<p>En esa tesitura, el obispo reafirm\u00f3 que toda persona merece &#8220;respeto en su dignidad, por ser imagen y semejanza de Dios&#8221;. Finalmente, el prelado hizo un llamado a las autoridades, a trabajar &#8220;en la implementaci\u00f3n de medidas urgentes y ayuden a las v\u00edctimas de este delito&#8221;.<\/p>\n\n\n\n<p>Antes de culminar la misa, se escucharon testimonios de integrantes de la prefectura naval argentina, quienes explicaron c\u00f3mo trabaja esa fuerza en el combate y prevenci\u00f3n del delito, asimismo, habl\u00f3 una representante de la Red de Infancia Robada.<\/p>\n\n\n\n<p>Alumnos del Instituto Santa Teresa de Jes\u00fas, llevaron a la misa carteles, afiches y pancartas que fueron confeccionados por los alumnos de ese establecimiento que dedicaron ese d\u00eda a una jornada de reflexi\u00f3n sobre esta problem\u00e1tica social. Tambi\u00e9n, j\u00f3venes y adolescentes que residen en el Hogar Rural de Goya, participaron con carteles y pancartas en adhesi\u00f3n a la jornada de sensibilizaci\u00f3n.<\/p>\n\n\n\n<p>Fue un oficio religioso que realmente agrup\u00f3 a diversos sectores y logr\u00f3 que se hable abiertamente de la trata.<\/p>\n\n\n\n<h2 class=\"wp-block-heading\">Hablar, actuar y acompa\u00f1ar<\/h2>\n\n\n\n<p>En Corrientes, donde a\u00fan resuenan los ecos de desapariciones impunes, la Iglesia, la justicia y las organizaciones sociales recordaron que el silencio no es opci\u00f3n. Hablar, actuar y acompa\u00f1ar es hoy el camino para construir una sociedad m\u00e1s justa y segura.<\/p>\n\n\n\n<p>Este compromiso local se suma a una situaci\u00f3n nacional alarmante. Seg\u00fan datos de la Procuradur\u00eda de Trata y Explotaci\u00f3n de Personas (PROTEX), desde que entr\u00f3 en vigor la Ley 26.364 en 2008, se dictaron 542 sentencias en el fuero federal y se realizaron ocho acuerdos conciliatorios. Hubo 1.043 personas condenadas por hechos que afectaron a 2.560 v\u00edctimas. El 79% de ellas son mujeres, el 20,5% varones y el 0,5% personas trans. Entre los condenados, el 77,8% son argentinos y el 64,2%, varones.<\/p>\n\n\n\n<p>Desde la Red Clamor Argentina (integrada por instituciones del catolicismo), la lucha contra la trata fue definida como &#8220;un acto de humanidad y de fe&#8221;. &#8220;Es Dios actuando a trav\u00e9s de nosotros y liberando a las v\u00edctimas, y trabajando para que otras no caigan en estas redes del mal&#8221;, expresaron. Tambi\u00e9n insistieron en una acci\u00f3n integral: prevenci\u00f3n, denuncia, acompa\u00f1amiento de v\u00edctimas, oraci\u00f3n y articulaci\u00f3n de recursos.<\/p>\n\n\n\n<p>El mensaje central coincidi\u00f3 en que la trata de personas no puede abordarse desde la indiferencia o el desconocimiento. Se trata de una realidad que hiere gravemente la dignidad humana, que se alimenta de estructuras sociales, econ\u00f3micas y pol\u00edticas injustas, y que requiere respuesta concreta: visibilizaci\u00f3n, justicia con rostro humano, pol\u00edticas p\u00fablicas sostenidas, y compromiso ciudadano.<\/p>\n","protected":false},"excerpt":{"rendered":"<p>El religioso inst\u00f3 a los ciudadanos de la di\u00f3cesis a involucrarse activamente para combatir ese flagelo social. Para ello, los areng\u00f3 a que se informen sobre la tem\u00e1tica y que&hellip; <\/p>\n","protected":false},"author":3,"featured_media":220052,"comment_status":"closed","ping_status":"open","sticky":false,"template":"","format":"standard","meta":{"footnotes":""},"categories":[1658],"tags":[],"class_list":["post-220046","post","type-post","status-publish","format-standard","has-post-thumbnail","hentry","category-interior"],"_links":{"self":[{"href":"https:\/\/corrientesdetarde.com\/index.php\/wp-json\/wp\/v2\/posts\/220046","targetHints":{"allow":["GET"]}}],"collection":[{"href":"https:\/\/corrientesdetarde.com\/index.php\/wp-json\/wp\/v2\/posts"}],"about":[{"href":"https:\/\/corrientesdetarde.com\/index.php\/wp-json\/wp\/v2\/types\/post"}],"author":[{"embeddable":true,"href":"https:\/\/corrientesdetarde.com\/index.php\/wp-json\/wp\/v2\/users\/3"}],"replies":[{"embeddable":true,"href":"https:\/\/corrientesdetarde.com\/index.php\/wp-json\/wp\/v2\/comments?post=220046"}],"version-history":[{"count":1,"href":"https:\/\/corrientesdetarde.com\/index.php\/wp-json\/wp\/v2\/posts\/220046\/revisions"}],"predecessor-version":[{"id":220091,"href":"https:\/\/corrientesdetarde.com\/index.php\/wp-json\/wp\/v2\/posts\/220046\/revisions\/220091"}],"wp:featuredmedia":[{"embeddable":true,"href":"https:\/\/corrientesdetarde.com\/index.php\/wp-json\/wp\/v2\/media\/220052"}],"wp:attachment":[{"href":"https:\/\/corrientesdetarde.com\/index.php\/wp-json\/wp\/v2\/media?parent=220046"}],"wp:term":[{"taxonomy":"category","embeddable":true,"href":"https:\/\/corrientesdetarde.com\/index.php\/wp-json\/wp\/v2\/categories?post=220046"},{"taxonomy":"post_tag","embeddable":true,"href":"https:\/\/corrientesdetarde.com\/index.php\/wp-json\/wp\/v2\/tags?post=220046"}],"curies":[{"name":"wp","href":"https:\/\/api.w.org\/{rel}","templated":true}]}}