{"id":220049,"date":"2025-08-01T09:01:02","date_gmt":"2025-08-01T12:01:02","guid":{"rendered":"https:\/\/corrientesdetarde.com\/?p=220049"},"modified":"2025-08-01T09:01:03","modified_gmt":"2025-08-01T12:01:03","slug":"detuvieron-a-maleante-por-asalto-con-cuchillo-a-un-adolescente","status":"publish","type":"post","link":"https:\/\/corrientesdetarde.com\/index.php\/policiales\/detuvieron-a-maleante-por-asalto-con-cuchillo-a-un-adolescente\/","title":{"rendered":"Detuvieron a maleante por asalto con cuchillo a un adolescente"},"content":{"rendered":"\n<p>El malhechor lesion\u00f3 en una mano a un chico de 14 a\u00f1os a quien sorprendi\u00f3 en una parada de colectivos. As\u00ed sustrajo un celular para despu\u00e9s correr. La Polic\u00eda atrap\u00f3 al autor y en su poder encontr\u00f3 un segundo tel\u00e9fono que tambi\u00e9n rob\u00f3 con igual modalidad.<\/p>\n\n\n\n<p>Un adolescente de 14 a\u00f1os fue v\u00edctima del robo violento de un tel\u00e9fono celular en una parada de colectivos de la capital provincial: fue atacado por un delincuente que le produjo un corte en una mano.<\/p>\n\n\n\n<p>El menor de edad pidi\u00f3 auxilio y fue asistido en una salita de emergencias ubicada en la zona, mientras la Polic\u00eda comenzaba la b\u00fasqueda del malviviente.<\/p>\n\n\n\n<p>Ayer, la fuerza de seguridad inform\u00f3 sobre la captura de quien ser\u00eda autor del atraco a mano armada. Es un joven de 20 a\u00f1os, identificado con el apellido Sandoval.<\/p>\n\n\n\n<p>Seg\u00fan precisaron desde la instituci\u00f3n, en poder de Sandoval no encontraron el celular sustra\u00eddo al menor, pero s\u00ed otro tel\u00e9fono que tambi\u00e9n rob\u00f3 bajo igual modalidad.<\/p>\n\n\n\n<p>Efectivos de la Unidad Especial Antiarrebatos localiz\u00f3 al asaltante en la esquina de calles Valdepe\u00f1as y Finlandia del barrio Parque Ingeniero Serantes.<\/p>\n\n\n\n<p>A la madrugada dieron con el joven cuando manipulaba un Samsung A-3, descrito en una segunda denuncia. Lo sustrajo en la v\u00eda p\u00fablica y tambi\u00e9n bajo amenazas con un arma blanca.<\/p>\n\n\n\n<p>Informaci\u00f3n brindada a \u00e9poca precisa que anteayer, a las 19:45, el adolescente aguardaba un colectivo en la parada situada en la esquina de Pit\u00e1goras y Las Piedras del barrio 9 de Julio, a pocos metros de la Iglesia San Pantale\u00f3n.<\/p>\n\n\n\n<p>De forma sorpresiva el menor fue atacado por el malviviente que empu\u00f1aba un cuchillo con el cual caus\u00f3 un peque\u00f1o corte en la mano de su v\u00edctima para sustraerle un celular. Tras esto se dio a la fuga en direcci\u00f3n a la avenida Cartagena.<\/p>\n\n\n\n<p>Autoridades de la comisar\u00eda Octava iniciaron la pesquisa en la que tom\u00f3 parte la Unidad Antiarrebatos.<\/p>\n\n\n\n<p>El an\u00e1lisis de c\u00e1maras de seguridad, los detalles aportados por las v\u00edctimas de los asaltos callejeros y un seguimiento discreto condujeron a dar con el joven malviviente.<\/p>\n\n\n\n<p>Con la Unidad Fiscal de Investigaciones realizaron los trabajos pertinentes para esclarecer los delitos de robo calificado y lesiones.<\/p>\n","protected":false},"excerpt":{"rendered":"<p>El malhechor lesion\u00f3 en una mano a un chico de 14 a\u00f1os a quien sorprendi\u00f3 en una parada de colectivos. As\u00ed sustrajo un celular para despu\u00e9s correr. La Polic\u00eda atrap\u00f3&hellip; <\/p>\n","protected":false},"author":3,"featured_media":220054,"comment_status":"closed","ping_status":"open","sticky":false,"template":"","format":"standard","meta":{"footnotes":""},"categories":[33],"tags":[],"class_list":["post-220049","post","type-post","status-publish","format-standard","has-post-thumbnail","hentry","category-policiales"],"_links":{"self":[{"href":"https:\/\/corrientesdetarde.com\/index.php\/wp-json\/wp\/v2\/posts\/220049","targetHints":{"allow":["GET"]}}],"collection":[{"href":"https:\/\/corrientesdetarde.com\/index.php\/wp-json\/wp\/v2\/posts"}],"about":[{"href":"https:\/\/corrientesdetarde.com\/index.php\/wp-json\/wp\/v2\/types\/post"}],"author":[{"embeddable":true,"href":"https:\/\/corrientesdetarde.com\/index.php\/wp-json\/wp\/v2\/users\/3"}],"replies":[{"embeddable":true,"href":"https:\/\/corrientesdetarde.com\/index.php\/wp-json\/wp\/v2\/comments?post=220049"}],"version-history":[{"count":1,"href":"https:\/\/corrientesdetarde.com\/index.php\/wp-json\/wp\/v2\/posts\/220049\/revisions"}],"predecessor-version":[{"id":220094,"href":"https:\/\/corrientesdetarde.com\/index.php\/wp-json\/wp\/v2\/posts\/220049\/revisions\/220094"}],"wp:featuredmedia":[{"embeddable":true,"href":"https:\/\/corrientesdetarde.com\/index.php\/wp-json\/wp\/v2\/media\/220054"}],"wp:attachment":[{"href":"https:\/\/corrientesdetarde.com\/index.php\/wp-json\/wp\/v2\/media?parent=220049"}],"wp:term":[{"taxonomy":"category","embeddable":true,"href":"https:\/\/corrientesdetarde.com\/index.php\/wp-json\/wp\/v2\/categories?post=220049"},{"taxonomy":"post_tag","embeddable":true,"href":"https:\/\/corrientesdetarde.com\/index.php\/wp-json\/wp\/v2\/tags?post=220049"}],"curies":[{"name":"wp","href":"https:\/\/api.w.org\/{rel}","templated":true}]}}