{"id":220058,"date":"2025-08-01T10:01:08","date_gmt":"2025-08-01T13:01:08","guid":{"rendered":"https:\/\/corrientesdetarde.com\/?p=220058"},"modified":"2025-08-01T10:01:09","modified_gmt":"2025-08-01T13:01:09","slug":"murio-otra-nena-que-iba-en-el-velero-y-son-tres-las-victimas-era-hija-de-argentinos","status":"publish","type":"post","link":"https:\/\/corrientesdetarde.com\/index.php\/policiales\/murio-otra-nena-que-iba-en-el-velero-y-son-tres-las-victimas-era-hija-de-argentinos\/","title":{"rendered":"Muri\u00f3 otra nena que iba en el velero y son tres las v\u00edctimas: era hija de argentinos"},"content":{"rendered":"\n<p>Fue identificada como Ari Buchman. Estaba internada en terapia intensiva.<\/p>\n\n\n\n<p>La tragedia del velero que fue embestido por una barcaza en Miami sum\u00f3 una nueva v\u00edctima fatal: este jueves muri\u00f3 Ari Buchman, de 11 a\u00f1os, hija de padres argentinos, que estaba internada en terapia intensiva desde el lunes.<\/p>\n\n\n\n<p>Con su muerte, ya son tres las nenas que perdieron la vida en el incidente en la Bah\u00eda de Biscayne. Entre las v\u00edctimas se encuentran Mila Yankelevich (7), nieta de Cris Morena, y Erin Victoria Ko Han (13), de nacionalidad chilena.<\/p>\n\n\n\n<p>Buchman era hija de padres argentinos y estuvo internada durante tres d\u00edas despu\u00e9s del choque.<\/p>\n\n\n\n<figure class=\"wp-block-image\"><img decoding=\"async\" src=\"https:\/\/www.diarioepoca.com\/content\/bucket\/4\/1441424w380h234c.jpg.webp\" alt=\"\"\/><\/figure>\n\n\n\n<p><em>C\u00f3mo fue el accidente y cu\u00e1l es el estado de las sobrevivientes<\/em><br>Las v\u00edctimas formaban parte de una colonia de verano de la Miami Youth Sailing Foundation, una organizaci\u00f3n local dedicada a la ense\u00f1anza de navegaci\u00f3n para chicos.<\/p>\n\n\n\n<p>De acuerdo con lo que trascendi\u00f3 hasta el momento, el velero zarp\u00f3 el lunes por la ma\u00f1ana al comando de una instructora de 19 a\u00f1os, con cinco chicos a bordo, de entre siete y 13 a\u00f1os.<\/p>\n\n\n\n<p>Cerca de las 11:15, el velero fue embestido por una barcaza. La escena qued\u00f3 registrada por una c\u00e1mara de seguridad. En las im\u00e1genes, se ve como el bote, de apenas 6 metros y con velas de colores brillantes, flotaba detenido entre las islas Hibiscus y Monument, en la Biscayne Bay.<\/p>\n\n\n\n<p>De repente, la enorme barcaza \u2014que transportaba una gr\u00faa y era empujada por un remolcador\u2014 pas\u00f3 por encima de la peque\u00f1a embarcaci\u00f3n, seg\u00fan se puede ver en las im\u00e1genes difundidas por el Miami Herald y el canal CBS4.<\/p>\n\n\n\n<p>Las velas color ne\u00f3n desaparecieron bajo el agua en cuesti\u00f3n de segundos y el velero qued\u00f3 destruido tras el impacto. El choque fue tan fuerte que todos los ocupantes salieron despedidos al agua.<\/p>\n\n\n\n<p>Seg\u00fan la Guardia Costera de Estados Unidos, Mila y Erin llegaron sin signos vitales al Ryder Trauma Center del Jackson Memorial Hospital. Ari Buchman, en tanto, luch\u00f3 por su vida durante tres d\u00edas, pero finalmente muri\u00f3 este jueves.<\/p>\n\n\n\n<p>En el hospital sigue internada otra nena argentina, en grave estado. La instructora y otra nena de 12 est\u00e1n fuera de peligro.<\/p>\n","protected":false},"excerpt":{"rendered":"<p>Fue identificada como Ari Buchman. Estaba internada en terapia intensiva. La tragedia del velero que fue embestido por una barcaza en Miami sum\u00f3 una nueva v\u00edctima fatal: este jueves muri\u00f3&hellip; <\/p>\n","protected":false},"author":3,"featured_media":220074,"comment_status":"closed","ping_status":"open","sticky":false,"template":"","format":"standard","meta":{"footnotes":""},"categories":[33],"tags":[],"class_list":["post-220058","post","type-post","status-publish","format-standard","has-post-thumbnail","hentry","category-policiales"],"_links":{"self":[{"href":"https:\/\/corrientesdetarde.com\/index.php\/wp-json\/wp\/v2\/posts\/220058","targetHints":{"allow":["GET"]}}],"collection":[{"href":"https:\/\/corrientesdetarde.com\/index.php\/wp-json\/wp\/v2\/posts"}],"about":[{"href":"https:\/\/corrientesdetarde.com\/index.php\/wp-json\/wp\/v2\/types\/post"}],"author":[{"embeddable":true,"href":"https:\/\/corrientesdetarde.com\/index.php\/wp-json\/wp\/v2\/users\/3"}],"replies":[{"embeddable":true,"href":"https:\/\/corrientesdetarde.com\/index.php\/wp-json\/wp\/v2\/comments?post=220058"}],"version-history":[{"count":1,"href":"https:\/\/corrientesdetarde.com\/index.php\/wp-json\/wp\/v2\/posts\/220058\/revisions"}],"predecessor-version":[{"id":220104,"href":"https:\/\/corrientesdetarde.com\/index.php\/wp-json\/wp\/v2\/posts\/220058\/revisions\/220104"}],"wp:featuredmedia":[{"embeddable":true,"href":"https:\/\/corrientesdetarde.com\/index.php\/wp-json\/wp\/v2\/media\/220074"}],"wp:attachment":[{"href":"https:\/\/corrientesdetarde.com\/index.php\/wp-json\/wp\/v2\/media?parent=220058"}],"wp:term":[{"taxonomy":"category","embeddable":true,"href":"https:\/\/corrientesdetarde.com\/index.php\/wp-json\/wp\/v2\/categories?post=220058"},{"taxonomy":"post_tag","embeddable":true,"href":"https:\/\/corrientesdetarde.com\/index.php\/wp-json\/wp\/v2\/tags?post=220058"}],"curies":[{"name":"wp","href":"https:\/\/api.w.org\/{rel}","templated":true}]}}