{"id":220060,"date":"2025-08-01T10:00:52","date_gmt":"2025-08-01T13:00:52","guid":{"rendered":"https:\/\/corrientesdetarde.com\/?p=220060"},"modified":"2025-08-01T10:00:54","modified_gmt":"2025-08-01T13:00:54","slug":"corrientes-consolida-lazos-chamameceros-con-chile-2","status":"publish","type":"post","link":"https:\/\/corrientesdetarde.com\/index.php\/destacados\/corrientes-consolida-lazos-chamameceros-con-chile-2\/","title":{"rendered":"Corrientes consolida lazos chamameceros con Chile"},"content":{"rendered":"\n<p>Del 7 al 10 de agosto, se realizar\u00e1 el 12\u00ba Encuentro Internacional de Acordeonistas en Punta Arenas, Chile, y la provincia de Corrientes tendr\u00e1 representante.<\/p>\n\n\n\n<p>Con el apoyo del Gobierno de la Provincia, a trav\u00e9s del Instituto de Cultura, el acordeonista Ignacio Porra formar\u00e1 parte del evento que re\u00fane a m\u00fasicos chilenos y argentinos, y adem\u00e1s tiene prevista una agenda que incluye visitas a distintos establecimientos educativos del vecino pa\u00eds.<\/p>\n\n\n\n<p>La presidente del Instituto de Cultura de Corrientes, Beatriz Kunin, recibi\u00f3 hoy a la ma\u00f1ana a Ignacio Porra, antes de su viaje. El di\u00e1logo gir\u00f3 alrededor de este importante encuentro y sobre gestiones que se iniciar\u00e1n con las autoridades de esa ciudad para proyectar la primera Fiesta del Chamam\u00e9 en ese lugar de la Patagonia chilena.<\/p>\n\n\n\n<p>&#8220;Estamos muy contentos de que un m\u00fasico correntino nos represente en Chile&#8221;, expres\u00f3 la presidente del Instituto de Cultura, Beatriz Kunin, en este paso firme en el hermanamiento cultural.<\/p>\n\n\n\n<p>Destac\u00f3 adem\u00e1s que buscar\u00e1 iniciar los di\u00e1logos con las autoridades de Chile para que se lleve adelante el primer festival del chamam\u00e9 y &#8220;compartirla con todos los chilenos que respetan mucho, valoran y han adoptado al chamam\u00e9 y lo han hecho parte de su folclore&#8221;.<\/p>\n","protected":false},"excerpt":{"rendered":"<p>Del 7 al 10 de agosto, se realizar\u00e1 el 12\u00ba Encuentro Internacional de Acordeonistas en Punta Arenas, Chile, y la provincia de Corrientes tendr\u00e1 representante. Con el apoyo del Gobierno&hellip; <\/p>\n","protected":false},"author":3,"featured_media":220069,"comment_status":"closed","ping_status":"open","sticky":false,"template":"","format":"standard","meta":{"footnotes":""},"categories":[26],"tags":[],"class_list":["post-220060","post","type-post","status-publish","format-standard","has-post-thumbnail","hentry","category-destacados"],"_links":{"self":[{"href":"https:\/\/corrientesdetarde.com\/index.php\/wp-json\/wp\/v2\/posts\/220060","targetHints":{"allow":["GET"]}}],"collection":[{"href":"https:\/\/corrientesdetarde.com\/index.php\/wp-json\/wp\/v2\/posts"}],"about":[{"href":"https:\/\/corrientesdetarde.com\/index.php\/wp-json\/wp\/v2\/types\/post"}],"author":[{"embeddable":true,"href":"https:\/\/corrientesdetarde.com\/index.php\/wp-json\/wp\/v2\/users\/3"}],"replies":[{"embeddable":true,"href":"https:\/\/corrientesdetarde.com\/index.php\/wp-json\/wp\/v2\/comments?post=220060"}],"version-history":[{"count":1,"href":"https:\/\/corrientesdetarde.com\/index.php\/wp-json\/wp\/v2\/posts\/220060\/revisions"}],"predecessor-version":[{"id":220098,"href":"https:\/\/corrientesdetarde.com\/index.php\/wp-json\/wp\/v2\/posts\/220060\/revisions\/220098"}],"wp:featuredmedia":[{"embeddable":true,"href":"https:\/\/corrientesdetarde.com\/index.php\/wp-json\/wp\/v2\/media\/220069"}],"wp:attachment":[{"href":"https:\/\/corrientesdetarde.com\/index.php\/wp-json\/wp\/v2\/media?parent=220060"}],"wp:term":[{"taxonomy":"category","embeddable":true,"href":"https:\/\/corrientesdetarde.com\/index.php\/wp-json\/wp\/v2\/categories?post=220060"},{"taxonomy":"post_tag","embeddable":true,"href":"https:\/\/corrientesdetarde.com\/index.php\/wp-json\/wp\/v2\/tags?post=220060"}],"curies":[{"name":"wp","href":"https:\/\/api.w.org\/{rel}","templated":true}]}}