{"id":220068,"date":"2025-08-01T10:01:06","date_gmt":"2025-08-01T13:01:06","guid":{"rendered":"https:\/\/corrientesdetarde.com\/?p=220068"},"modified":"2025-08-01T10:01:07","modified_gmt":"2025-08-01T13:01:07","slug":"autorizaron-la-cremacion-de-los-restos-de-locomotora-oliveras","status":"publish","type":"post","link":"https:\/\/corrientesdetarde.com\/index.php\/informacion-general\/autorizaron-la-cremacion-de-los-restos-de-locomotora-oliveras\/","title":{"rendered":"Autorizaron la cremaci\u00f3n de los restos de &#8220;Locomotora&#8221; Oliveras"},"content":{"rendered":"\n<p>El mundo del boxeo a\u00fan sigue de luto por la p\u00e9rdida de la multicampeona argentina. La teor\u00eda de los anab\u00f3licos y esteroides se cay\u00f3 por los suelos.<\/p>\n\n\n\n<p>La Justicia habilit\u00f3 este mi\u00e9rcoles la cremaci\u00f3n del cuerpo de Alejandra &#8220;Locomotora&#8221; Oliveras, fallecida el lunes 28 en Santa Fe luego de varios d\u00edas de internaci\u00f3n por un accidente cerebrovascular isqu\u00e9mico.<\/p>\n\n\n\n<p>La medida hab\u00eda quedado suspendida a ra\u00edz de una denuncia que solicitaba indagar si el uso de esteroides o anab\u00f3licos pudo haber influido en el desenlace de la exboxeadora.<\/p>\n\n\n\n<p>El fiscal Ignacio Orio, a cargo del expediente en la Fiscal\u00eda Regional 1, resolvi\u00f3 permitir la cremaci\u00f3n tras considerar que las medidas ya tomadas descartaban la necesidad de nuevas pericias.<\/p>\n","protected":false},"excerpt":{"rendered":"<p>El mundo del boxeo a\u00fan sigue de luto por la p\u00e9rdida de la multicampeona argentina. La teor\u00eda de los anab\u00f3licos y esteroides se cay\u00f3 por los suelos. La Justicia habilit\u00f3&hellip; <\/p>\n","protected":false},"author":3,"featured_media":220073,"comment_status":"closed","ping_status":"open","sticky":false,"template":"","format":"standard","meta":{"footnotes":""},"categories":[1],"tags":[],"class_list":["post-220068","post","type-post","status-publish","format-standard","has-post-thumbnail","hentry","category-informacion-general"],"_links":{"self":[{"href":"https:\/\/corrientesdetarde.com\/index.php\/wp-json\/wp\/v2\/posts\/220068","targetHints":{"allow":["GET"]}}],"collection":[{"href":"https:\/\/corrientesdetarde.com\/index.php\/wp-json\/wp\/v2\/posts"}],"about":[{"href":"https:\/\/corrientesdetarde.com\/index.php\/wp-json\/wp\/v2\/types\/post"}],"author":[{"embeddable":true,"href":"https:\/\/corrientesdetarde.com\/index.php\/wp-json\/wp\/v2\/users\/3"}],"replies":[{"embeddable":true,"href":"https:\/\/corrientesdetarde.com\/index.php\/wp-json\/wp\/v2\/comments?post=220068"}],"version-history":[{"count":1,"href":"https:\/\/corrientesdetarde.com\/index.php\/wp-json\/wp\/v2\/posts\/220068\/revisions"}],"predecessor-version":[{"id":220103,"href":"https:\/\/corrientesdetarde.com\/index.php\/wp-json\/wp\/v2\/posts\/220068\/revisions\/220103"}],"wp:featuredmedia":[{"embeddable":true,"href":"https:\/\/corrientesdetarde.com\/index.php\/wp-json\/wp\/v2\/media\/220073"}],"wp:attachment":[{"href":"https:\/\/corrientesdetarde.com\/index.php\/wp-json\/wp\/v2\/media?parent=220068"}],"wp:term":[{"taxonomy":"category","embeddable":true,"href":"https:\/\/corrientesdetarde.com\/index.php\/wp-json\/wp\/v2\/categories?post=220068"},{"taxonomy":"post_tag","embeddable":true,"href":"https:\/\/corrientesdetarde.com\/index.php\/wp-json\/wp\/v2\/tags?post=220068"}],"curies":[{"name":"wp","href":"https:\/\/api.w.org\/{rel}","templated":true}]}}