{"id":220078,"date":"2025-08-01T11:02:37","date_gmt":"2025-08-01T14:02:37","guid":{"rendered":"https:\/\/corrientesdetarde.com\/?p=220078"},"modified":"2025-08-01T11:02:42","modified_gmt":"2025-08-01T14:02:42","slug":"la-nacion-y-las-provincias-en-permanente-puja-distributiva","status":"publish","type":"post","link":"https:\/\/corrientesdetarde.com\/index.php\/politica\/la-nacion-y-las-provincias-en-permanente-puja-distributiva\/","title":{"rendered":"La Naci\u00f3n y las provincias, en permanente puja distributiva"},"content":{"rendered":"\n<p>Entre 1993 y 2024, la participaci\u00f3n de las jurisdicciones subnacionales en la recaudaci\u00f3n tributaria fue de aproximadamente un 30%. Las modificaciones en la legislaci\u00f3n y las judicializaciones derivaron en grandes cambios. En 2024 baj\u00f3 la participaci\u00f3n.<\/p>\n\n\n\n<p>Fundado por la Ley N\u00b023.548 el sistema de coparticipaci\u00f3n federal de impuestos present\u00f3 fuertes cambios a trav\u00e9s de normativas modificatorias y complementarias, incluso, la ejecuci\u00f3n de causas judiciales. Ello, evidencia la puja distributiva entre Naci\u00f3n y las jurisdicciones subnacionales. Corrientes fue una de las provincias que en varias ocasiones reclam\u00f3 por un punto m\u00e1s en el reparto de recursos.<\/p>\n\n\n\n<p>El reparto de recursos entre las \u00f3rbitas nacional y la provincial se denomina distribuci\u00f3n primaria, mientras que el reparto de los fondos que les tocan a las Provincias entre sus propias jurisdicciones se llama distribuci\u00f3n secundaria. &#8220;En ambos casos, considerados individualmente, se trata de \u0091juegos de suma cero\u0092, es decir que en el reparto primario todo lo que ganan de participaci\u00f3n las provincias lo resignar\u00e1 el nivel federal (y viceversa), y en el caso de la distribuci\u00f3n secundaria, el aumento de la participaci\u00f3n de una jurisdicci\u00f3n solo podr\u00e1 ocurrir si cae la porci\u00f3n que se lleva el resto&#8221;, aclara un informe del Instituto de Argentino de An\u00e1lisis Fiscal (IARAF).<\/p>\n\n\n\n<p>El documento detalla que una particularidad del debate es el caso la Ciudad Aut\u00f3noma de Buenos Aires (CABA) que obtiene su porcentaje de la participaci\u00f3n legal del Tesoro Nacional. Y sin embargo, todas las derivas legales afectan la distribuci\u00f3n general de las jurisdicciones subnacionales.<\/p>\n\n\n\n<p>El informe analiza la evoluci\u00f3n de la distribuci\u00f3n primaria efectiva de la recaudaci\u00f3n nacional entre 1993 y 2024, que son 32 a\u00f1os. Una primera cuesti\u00f3n de fondo que se eval\u00faa es la participaci\u00f3n del consolidado de provincias y CABA en la recaudaci\u00f3n tributaria nacional total en el mencionado periodo, la cual fue aproximadamente un 30%.<\/p>\n\n\n\n<p>&#8220;Entre 2002 y 2016, la participaci\u00f3n tuvo una baja significativa, hasta lograr su punto m\u00ednimo en 2010 de 24,9%&#8221;, se\u00f1ala IARAF. &#8220;Esto significa que, independientemente de los cambios de responsabilidades de gasto o de otras cuestiones legales, las provincias y CABA participaron en un rango que va desde el 25% de la recaudaci\u00f3n nacional total al 34%&#8221;, se indica en el informe.<\/p>\n\n\n\n<figure class=\"wp-block-image\"><img decoding=\"async\" src=\"https:\/\/www.diarioepoca.com\/content\/bucket\/5\/1441315w380h178c.jpg.webp\" alt=\"\"\/><\/figure>\n\n\n\n<p>Lo que se aprecia es que ha habido permanentes cambios, la mayor\u00eda de ellos originados en pujas distributivas que terminaron con cambios legales de impuestos coparticipables y no coparticipables&#8221;, sostiene el documento de trabajo recientemente difundido.<\/p>\n\n\n\n<p>Durante 2024, las jurisdicciones subnacionales participaron del 32,3% de la recaudaci\u00f3n tributaria nacional total. Esta descendi\u00f3 casi dos puntos porcentuales respecto del m\u00e1ximo de toda la serie, que se logr\u00f3 en 2020. Esta fue de 34,2%. La desaparici\u00f3n del impuesto PAIS en 2025, a su vez, genera un nuevo cambio en la din\u00e1mica distributiva, aunque no se trataba de un tributo coparticipable.<\/p>\n\n\n\n<h2 class=\"wp-block-heading\">Corrientes aument\u00f3 3% su coeficiente primario efectivo<\/h2>\n\n\n\n<p>La provincia de Corrientes fue una de las nueve jurisdicciones subnacionales que aument\u00f3 su coeficiente primario efectivo, con un incremento de 3%. Esto significa que, adem\u00e1s de las transferencias autom\u00e1ticas, tambi\u00e9n se tuvo en cuenta los fondos no autom\u00e1ticos y compensaciones para el an\u00e1lisis.<\/p>\n\n\n\n<p>Cabe mencionar que Corrientes est\u00e1 categorizada como una provincia con bajos ingresos y alta densidad, al igual que Chaco, Mendoza, Jujuy, Misiones y Tucum\u00e1n.<\/p>\n","protected":false},"excerpt":{"rendered":"<p>Entre 1993 y 2024, la participaci\u00f3n de las jurisdicciones subnacionales en la recaudaci\u00f3n tributaria fue de aproximadamente un 30%. Las modificaciones en la legislaci\u00f3n y las judicializaciones derivaron en grandes&hellip; <\/p>\n","protected":false},"author":3,"featured_media":220087,"comment_status":"closed","ping_status":"open","sticky":false,"template":"","format":"standard","meta":{"footnotes":""},"categories":[3],"tags":[],"class_list":["post-220078","post","type-post","status-publish","format-standard","has-post-thumbnail","hentry","category-politica"],"_links":{"self":[{"href":"https:\/\/corrientesdetarde.com\/index.php\/wp-json\/wp\/v2\/posts\/220078","targetHints":{"allow":["GET"]}}],"collection":[{"href":"https:\/\/corrientesdetarde.com\/index.php\/wp-json\/wp\/v2\/posts"}],"about":[{"href":"https:\/\/corrientesdetarde.com\/index.php\/wp-json\/wp\/v2\/types\/post"}],"author":[{"embeddable":true,"href":"https:\/\/corrientesdetarde.com\/index.php\/wp-json\/wp\/v2\/users\/3"}],"replies":[{"embeddable":true,"href":"https:\/\/corrientesdetarde.com\/index.php\/wp-json\/wp\/v2\/comments?post=220078"}],"version-history":[{"count":1,"href":"https:\/\/corrientesdetarde.com\/index.php\/wp-json\/wp\/v2\/posts\/220078\/revisions"}],"predecessor-version":[{"id":220111,"href":"https:\/\/corrientesdetarde.com\/index.php\/wp-json\/wp\/v2\/posts\/220078\/revisions\/220111"}],"wp:featuredmedia":[{"embeddable":true,"href":"https:\/\/corrientesdetarde.com\/index.php\/wp-json\/wp\/v2\/media\/220087"}],"wp:attachment":[{"href":"https:\/\/corrientesdetarde.com\/index.php\/wp-json\/wp\/v2\/media?parent=220078"}],"wp:term":[{"taxonomy":"category","embeddable":true,"href":"https:\/\/corrientesdetarde.com\/index.php\/wp-json\/wp\/v2\/categories?post=220078"},{"taxonomy":"post_tag","embeddable":true,"href":"https:\/\/corrientesdetarde.com\/index.php\/wp-json\/wp\/v2\/tags?post=220078"}],"curies":[{"name":"wp","href":"https:\/\/api.w.org\/{rel}","templated":true}]}}