{"id":22010,"date":"2022-11-23T11:14:42","date_gmt":"2022-11-23T14:14:42","guid":{"rendered":"https:\/\/corrientesdetarde.com\/?p=22010"},"modified":"2022-11-23T11:14:45","modified_gmt":"2022-11-23T14:14:45","slug":"la-correntina-y-conejo-hablaron-de-su-relacion-en-gran-hermano","status":"publish","type":"post","link":"https:\/\/corrientesdetarde.com\/index.php\/espectaculos\/la-correntina-y-conejo-hablaron-de-su-relacion-en-gran-hermano\/","title":{"rendered":"La correntina y Conejo hablaron de su relaci\u00f3n en Gran HermanO"},"content":{"rendered":"\n<p>La pareja aprovech\u00f3 el vivo de este martes para aclarar algunos t\u00e9rminos de su relaci\u00f3n.<\/p>\n\n\n\n<p>Despu\u00e9s de que&nbsp;Conejo dijera en el vivo de Gran Hermano que con Coti eran amigos,&nbsp;se gener\u00f3 una nueva pol\u00e9mica en la pareja, ya que la correntina no se esperaba esa respuesta.<\/p>\n\n\n\n<p><video width=\"640\" controls=\"\" preload=\"auto\" poster=\"https:\/\/www.radiosudamericana.com\/notix\/multimedia\/img_videos\/2022112356203797.jpg\"><\/video><\/p>\n\n\n\n<p>Este martes, previo a que se conozca al nuevo l\u00edder la semana, Santiago del Moro le pidi\u00f3 a la parejita que aclare su situaci\u00f3n.&nbsp;&#8220;<strong>\u00bfSos novia del Cone?<\/strong>&#8220;,&nbsp;pregunt\u00f3 el conductor del programa.<\/p>\n\n\n\n<p><strong>&#8220;No,\u00a0\u00e9l parece que no quiere.\u00a0Si alguien no quiere, yo no quiero&#8221;<\/strong>, respondi\u00f3 Coti.<\/p>\n\n\n\n<p><strong>&#8220;Me retracto, nos estamos conociendo&#8221;<\/strong>,&nbsp;agreg\u00f3 Alexis. &#8220;Me llevo muy bien, me hace sentir muy c\u00f3modo y me hace olvidar un poco de todo esto que es un juego. Es mi cable a tierra ac\u00e1 adentro de la casa&#8221;, sigui\u00f3 diciendo el cordob\u00e9s.<\/p>\n","protected":false},"excerpt":{"rendered":"<p>La pareja aprovech\u00f3 el vivo de este martes para aclarar algunos t\u00e9rminos de su relaci\u00f3n. Despu\u00e9s de que&nbsp;Conejo dijera en el vivo de Gran Hermano que con Coti eran amigos,&nbsp;se&hellip; <\/p>\n","protected":false},"author":4,"featured_media":22011,"comment_status":"closed","ping_status":"open","sticky":false,"template":"","format":"standard","meta":{"footnotes":""},"categories":[19],"tags":[],"class_list":["post-22010","post","type-post","status-publish","format-standard","has-post-thumbnail","hentry","category-espectaculos"],"_links":{"self":[{"href":"https:\/\/corrientesdetarde.com\/index.php\/wp-json\/wp\/v2\/posts\/22010","targetHints":{"allow":["GET"]}}],"collection":[{"href":"https:\/\/corrientesdetarde.com\/index.php\/wp-json\/wp\/v2\/posts"}],"about":[{"href":"https:\/\/corrientesdetarde.com\/index.php\/wp-json\/wp\/v2\/types\/post"}],"author":[{"embeddable":true,"href":"https:\/\/corrientesdetarde.com\/index.php\/wp-json\/wp\/v2\/users\/4"}],"replies":[{"embeddable":true,"href":"https:\/\/corrientesdetarde.com\/index.php\/wp-json\/wp\/v2\/comments?post=22010"}],"version-history":[{"count":1,"href":"https:\/\/corrientesdetarde.com\/index.php\/wp-json\/wp\/v2\/posts\/22010\/revisions"}],"predecessor-version":[{"id":22012,"href":"https:\/\/corrientesdetarde.com\/index.php\/wp-json\/wp\/v2\/posts\/22010\/revisions\/22012"}],"wp:featuredmedia":[{"embeddable":true,"href":"https:\/\/corrientesdetarde.com\/index.php\/wp-json\/wp\/v2\/media\/22011"}],"wp:attachment":[{"href":"https:\/\/corrientesdetarde.com\/index.php\/wp-json\/wp\/v2\/media?parent=22010"}],"wp:term":[{"taxonomy":"category","embeddable":true,"href":"https:\/\/corrientesdetarde.com\/index.php\/wp-json\/wp\/v2\/categories?post=22010"},{"taxonomy":"post_tag","embeddable":true,"href":"https:\/\/corrientesdetarde.com\/index.php\/wp-json\/wp\/v2\/tags?post=22010"}],"curies":[{"name":"wp","href":"https:\/\/api.w.org\/{rel}","templated":true}]}}