{"id":220162,"date":"2025-08-02T08:20:00","date_gmt":"2025-08-02T11:20:00","guid":{"rendered":"https:\/\/corrientesdetarde.com\/?p=220162"},"modified":"2025-08-02T09:14:43","modified_gmt":"2025-08-02T12:14:43","slug":"debido-a-una-descompensacion-cardiaca-el-viceintendente-de-bella-vista-tuvo-que-ser-internado","status":"publish","type":"post","link":"https:\/\/corrientesdetarde.com\/index.php\/politica\/debido-a-una-descompensacion-cardiaca-el-viceintendente-de-bella-vista-tuvo-que-ser-internado\/","title":{"rendered":"Debido a una descompensaci\u00f3n card\u00edaca el Viceintendente de Bella Vista tuvo que ser internado."},"content":{"rendered":"\n<h2 class=\"wp-block-heading\">El Viceintendente de Bella Vista, Dr. Andr\u00e9s S\u00e1nchez, sufri\u00f3 una descompensaci\u00f3n card\u00edaca y permanece internado bajo control m\u00e9dico. Desde la Municipalidad informaron que se encuentra estable y agradecieron el apoyo de la comunidad.<\/h2>\n\n\n\n<p>La Municipalidad de Bella Vista emiti\u00f3 un comunicado oficial informando que el Viceintendente, Dr. Andr\u00e9s S\u00e1nchez, sufri\u00f3 este viernes una descompensaci\u00f3n card\u00edaca.&nbsp;<\/p>\n\n\n\n<p>Seg\u00fan se detall\u00f3, el funcionario se encuentra actualmente estable y est\u00e1 siendo atendido por profesionales del Instituto Cardiol\u00f3gico, quienes realizan el seguimiento correspondiente para asegurar su pronta recuperaci\u00f3n.<\/p>\n\n\n\n<p>Desde la instituci\u00f3n municipal expresaron su acompa\u00f1amiento a la familia del Dr. S\u00e1nchez en este momento y agradecieron a la comunidad por la preocupaci\u00f3n y el respeto demostrados.&nbsp;<\/p>\n\n\n\n<p>&#8220;Enviamos nuestros mejores deseos para que tenga una buena y pronta mejor\u00eda&#8221;, concluye el mensaje.<\/p>\n","protected":false},"excerpt":{"rendered":"<p>El Viceintendente de Bella Vista, Dr. Andr\u00e9s S\u00e1nchez, sufri\u00f3 una descompensaci\u00f3n card\u00edaca y permanece internado bajo control m\u00e9dico. Desde la Municipalidad informaron que se encuentra estable y agradecieron el apoyo&hellip; <\/p>\n","protected":false},"author":6,"featured_media":220164,"comment_status":"closed","ping_status":"open","sticky":false,"template":"","format":"standard","meta":{"footnotes":""},"categories":[3],"tags":[],"class_list":["post-220162","post","type-post","status-publish","format-standard","has-post-thumbnail","hentry","category-politica"],"_links":{"self":[{"href":"https:\/\/corrientesdetarde.com\/index.php\/wp-json\/wp\/v2\/posts\/220162","targetHints":{"allow":["GET"]}}],"collection":[{"href":"https:\/\/corrientesdetarde.com\/index.php\/wp-json\/wp\/v2\/posts"}],"about":[{"href":"https:\/\/corrientesdetarde.com\/index.php\/wp-json\/wp\/v2\/types\/post"}],"author":[{"embeddable":true,"href":"https:\/\/corrientesdetarde.com\/index.php\/wp-json\/wp\/v2\/users\/6"}],"replies":[{"embeddable":true,"href":"https:\/\/corrientesdetarde.com\/index.php\/wp-json\/wp\/v2\/comments?post=220162"}],"version-history":[{"count":1,"href":"https:\/\/corrientesdetarde.com\/index.php\/wp-json\/wp\/v2\/posts\/220162\/revisions"}],"predecessor-version":[{"id":220166,"href":"https:\/\/corrientesdetarde.com\/index.php\/wp-json\/wp\/v2\/posts\/220162\/revisions\/220166"}],"wp:featuredmedia":[{"embeddable":true,"href":"https:\/\/corrientesdetarde.com\/index.php\/wp-json\/wp\/v2\/media\/220164"}],"wp:attachment":[{"href":"https:\/\/corrientesdetarde.com\/index.php\/wp-json\/wp\/v2\/media?parent=220162"}],"wp:term":[{"taxonomy":"category","embeddable":true,"href":"https:\/\/corrientesdetarde.com\/index.php\/wp-json\/wp\/v2\/categories?post=220162"},{"taxonomy":"post_tag","embeddable":true,"href":"https:\/\/corrientesdetarde.com\/index.php\/wp-json\/wp\/v2\/tags?post=220162"}],"curies":[{"name":"wp","href":"https:\/\/api.w.org\/{rel}","templated":true}]}}