{"id":220211,"date":"2025-08-02T11:00:00","date_gmt":"2025-08-02T14:00:00","guid":{"rendered":"https:\/\/corrientesdetarde.com\/?p=220211"},"modified":"2025-08-02T10:54:42","modified_gmt":"2025-08-02T13:54:42","slug":"allanaron-una-casa-en-la-que-vendian-droga","status":"publish","type":"post","link":"https:\/\/corrientesdetarde.com\/index.php\/policiales\/allanaron-una-casa-en-la-que-vendian-droga\/","title":{"rendered":"Allanaron una casa en la que vend\u00edan droga."},"content":{"rendered":"\n<h2 class=\"wp-block-heading\">La Polic\u00eda detuvo a un hombre como responsable del il\u00edcito. Tal persona era investigada desde hace algunas semanas. En el domicilio encontraron decenas de envoltorios con la droga fraccionada poco antes para su comercializaci\u00f3n durante el fin de semana.<\/h2>\n\n\n\n<p>Decenas de dosis de coca\u00edna fueron secuestradas por la Polic\u00eda durante el allanamiento a una vivienda donde realizaban su venta al menudeo a menores y j\u00f3venes del capitalino barrio Arazat\u00ed, a poca distancia de la avenida costanera Juan Pablo II.<\/p>\n\n\n\n<p>Un hombre investigado desde hace algunas semanas como principal responsable en el delito result\u00f3 detenido en el momento que finalizaba de fraccionar la sustancia.<\/p>\n\n\n\n<p>Con el uso de un plato separaba la droga en peque\u00f1as cantidades, antes de colocarla en retazos de polietileno a los cuales, despu\u00e9s, daba forma de &#8220;alitas&#8221;.<\/p>\n\n\n\n<p>El sindicado malviviente responde al alias de &#8220;Manucho&#8221; y qued\u00f3 a disposici\u00f3n de la Justicia Federal.<\/p>\n\n\n\n<p>El procedimiento ocurri\u00f3 en un inmueble de calle General Paz al 100, entre Pago Largo y Suipacha, en la zona popularmente conocida como &#8220;El Empachado&#8221;, precisaron a \u00e9poca fuentes oficiales.<\/p>\n\n\n\n<p>Detectives de la Direcci\u00f3n General de Drogas Peligrosas y Crimen Organizado tuvieron a cargo la pesquisa y posterior allanamiento con el apoyo de la Divisi\u00f3n Polic\u00eda de Alto Riesgo.<\/p>\n\n\n\n<p>La persona bajo investigaci\u00f3n no tuvo chance a fuga. Con la irrupci\u00f3n de los efectivos del grupo t\u00e1ctico qued\u00f3 reducido en el interior de la vivienda a la cual se llega a trav\u00e9s de un zagu\u00e1n o pasillo.<\/p>\n\n\n\n<figure class=\"wp-block-image\"><img decoding=\"async\" src=\"https:\/\/www.diarioepoca.com\/content\/bucket\/9\/1441609w380h266c.jpg.webp\" alt=\"\"\/><figcaption class=\"wp-element-caption\">INGRESO AL PASILLO QUE CONDUCE A LA VIVIENDA DONDE COMERCIALIZABAN DROGA.<\/figcaption><\/figure>\n\n\n\n<p>El sorpresivo despliegue llam\u00f3 la atenci\u00f3n en vecinos de la populosa barriada.<\/p>\n\n\n\n<p>Seg\u00fan las fuentes, en el registro de la casa hallaron un total de 68 bolsitas o &#8220;bochitas&#8221; cargadas de clorhidrato de coca\u00edna, la suma de 32.000 pesos que ser\u00edan producto de ventas recientes.<\/p>\n\n\n\n<p>La informaci\u00f3n brindada a este medio precisa que adem\u00e1s incautaron una balanza digital, un tel\u00e9fono celular, un plato playo con restos de droga, una tijera y recortes con los cuales posiblemente el detenido pensaba continuar con el fraccionamiento.<\/p>\n\n\n\n<p>Trascendi\u00f3 que los principales &#8220;clientes&#8221; que concurr\u00edan a ese lugar son adolescentes que integrar\u00edan una pandilla sospechada en robos callejeros.<\/p>\n","protected":false},"excerpt":{"rendered":"<p>La Polic\u00eda detuvo a un hombre como responsable del il\u00edcito. Tal persona era investigada desde hace algunas semanas. En el domicilio encontraron decenas de envoltorios con la droga fraccionada poco&hellip; <\/p>\n","protected":false},"author":6,"featured_media":220216,"comment_status":"closed","ping_status":"open","sticky":false,"template":"","format":"standard","meta":{"footnotes":""},"categories":[33],"tags":[],"class_list":["post-220211","post","type-post","status-publish","format-standard","has-post-thumbnail","hentry","category-policiales"],"_links":{"self":[{"href":"https:\/\/corrientesdetarde.com\/index.php\/wp-json\/wp\/v2\/posts\/220211","targetHints":{"allow":["GET"]}}],"collection":[{"href":"https:\/\/corrientesdetarde.com\/index.php\/wp-json\/wp\/v2\/posts"}],"about":[{"href":"https:\/\/corrientesdetarde.com\/index.php\/wp-json\/wp\/v2\/types\/post"}],"author":[{"embeddable":true,"href":"https:\/\/corrientesdetarde.com\/index.php\/wp-json\/wp\/v2\/users\/6"}],"replies":[{"embeddable":true,"href":"https:\/\/corrientesdetarde.com\/index.php\/wp-json\/wp\/v2\/comments?post=220211"}],"version-history":[{"count":1,"href":"https:\/\/corrientesdetarde.com\/index.php\/wp-json\/wp\/v2\/posts\/220211\/revisions"}],"predecessor-version":[{"id":220217,"href":"https:\/\/corrientesdetarde.com\/index.php\/wp-json\/wp\/v2\/posts\/220211\/revisions\/220217"}],"wp:featuredmedia":[{"embeddable":true,"href":"https:\/\/corrientesdetarde.com\/index.php\/wp-json\/wp\/v2\/media\/220216"}],"wp:attachment":[{"href":"https:\/\/corrientesdetarde.com\/index.php\/wp-json\/wp\/v2\/media?parent=220211"}],"wp:term":[{"taxonomy":"category","embeddable":true,"href":"https:\/\/corrientesdetarde.com\/index.php\/wp-json\/wp\/v2\/categories?post=220211"},{"taxonomy":"post_tag","embeddable":true,"href":"https:\/\/corrientesdetarde.com\/index.php\/wp-json\/wp\/v2\/tags?post=220211"}],"curies":[{"name":"wp","href":"https:\/\/api.w.org\/{rel}","templated":true}]}}